{"id":7141,"date":"2026-09-05T16:39:00","date_gmt":"2026-09-05T14:39:00","guid":{"rendered":"https:\/\/parafiaprzyszowa.pl\/?p=7141"},"modified":"2026-09-06T07:46:18","modified_gmt":"2026-09-06T05:46:18","slug":"ogloszenia-6-wrzesnia-2026","status":"publish","type":"post","link":"https:\/\/parafiaprzyszowa.pl\/index.php\/2026\/09\/05\/ogloszenia-6-wrzesnia-2026\/","title":{"rendered":"Og\u0142oszenia &#8211; 6 wrze\u015bnia 2026"},"content":{"rendered":"\n<div class=\"wp-block-media-text alignwide is-stacked-on-mobile is-vertically-aligned-center\" style=\"grid-template-columns:28% auto\"><figure class=\"wp-block-media-text__media\"><a href=\"https:\/\/parafiaprzyszowa.pl\/?p=7129\"><img loading=\"lazy\" decoding=\"async\" width=\"2560\" height=\"1440\" src=\"https:\/\/parafiaprzyszowa.pl\/wp-content\/uploads\/2020\/11\/Ogloszenia-scaled.jpg\" alt=\"\" class=\"wp-image-3266 size-full\" srcset=\"https:\/\/parafiaprzyszowa.pl\/wp-content\/uploads\/2020\/11\/Ogloszenia-scaled.jpg 2560w, https:\/\/parafiaprzyszowa.pl\/wp-content\/uploads\/2020\/11\/Ogloszenia-300x169.jpg 300w, https:\/\/parafiaprzyszowa.pl\/wp-content\/uploads\/2020\/11\/Ogloszenia-1024x576.jpg 1024w, https:\/\/parafiaprzyszowa.pl\/wp-content\/uploads\/2020\/11\/Ogloszenia-768x432.jpg 768w, https:\/\/parafiaprzyszowa.pl\/wp-content\/uploads\/2020\/11\/Ogloszenia-1536x864.jpg 1536w, https:\/\/parafiaprzyszowa.pl\/wp-content\/uploads\/2020\/11\/Ogloszenia-2048x1152.jpg 2048w, https:\/\/parafiaprzyszowa.pl\/wp-content\/uploads\/2020\/11\/Ogloszenia-900x506.jpg 900w, https:\/\/parafiaprzyszowa.pl\/wp-content\/uploads\/2020\/11\/Ogloszenia-1280x720.jpg 1280w\" sizes=\"auto, (max-width: 2560px) 100vw, 2560px\" \/><\/a><\/figure><div class=\"wp-block-media-text__content\">\n<p class=\"has-text-align-center has-text-color has-link-color wp-elements-1 wp-block-paragraph\" style=\"color:#30741c\"><strong><a href=\"https:\/\/parafiaprzyszowa.pl\/?p=7129\">XXIII Niedziela Zwyk\u0142a<\/a><\/strong><\/p>\n<\/div><\/div>\n\n\n\n<p style=\"text-align: justify;\"><!--more--><\/p>\n<ol style=\"text-align: justify;\">\n<li>We wtorek prze\u017cywa\u0107 b\u0119dziemy Uroczysto\u015b\u0107 Narodzenia Naj\u015bwi\u0119tszej Maryi Panny, g\u0142\u00f3wnej patronki diecezji. Msze \u015bw. w tym dniu w ko\u015bciele o 6:30 i 18:00, w Stroniu o 16:30. Podczas Mszy \u015bwi\u0119tych po\u015bwi\u0119cenie ziarna siewnego.<\/li>\n<li>Rozpoczynamy parafialne przygotowanie do I spowiedzi i Komunii \u015bwi\u0119tej. Dzieci, kt\u00f3re b\u0119d\u0105 si\u0119 przygotowywa\u0107 do przyj\u0119cia tych sakrament\u00f3w w naszym ko\u015bciele zapraszamy z rodzicami na Msz\u0119 \u015bw. i spotkanie w \u015brod\u0119 o 18:00.<\/li>\n<li>Zapraszamy na pierwsze, organizacyjne spotkania grup parafialnych:<\/li>\n<\/ol>\n<ul style=\"text-align: justify;\">\n<li>PDMD \u2013 we wtorek o 16:00 w Stroniu, zapraszamy dzieci pocz\u0105wszy od kl. I,<\/li>\n<li>DSM \u2013 w pi\u0105tek o 16:00 w domu katechetycznym; zapraszamy dziewczynki pocz\u0105wszy od kl. I,<\/li>\n<li>Grup\u0119 m\u0142odzie\u017cow\u0105 oraz m\u0142odzie\u017c ch\u0119tn\u0105 do uczestnictwa w grupie, pocz\u0105wszy od kl. 7 \u2013 w pi\u0105tek o 19:00 w domu katechetycznym,<\/li>\n<li>Ch\u00f3r Parafialny oraz wszystkich, kt\u00f3rzy czuj\u0105 si\u0119 na si\u0142ach i chcieliby do\u0142\u0105czy\u0107 do ch\u00f3ru, doros\u0142ych i m\u0142odzie\u017c od kl. 8 \u2013 w czwartek o 19:30 w domu katechetycznym,<\/li>\n<li>Liturgiczn\u0105 S\u0142u\u017cb\u0119 O\u0142tarza zapraszamy na pierwsze, obowi\u0105zkowe zbi\u00f3rki:\n<ul>\n<li>Ministrant\u00f3w \u2013 w \u015brod\u0119 o 16:15 w ko\u015bciele,<\/li>\n<li>Lektor\u00f3w i ceremoniarzy \u2013 w \u015brod\u0119 o 19:30 w ko\u015bciele,<\/li>\n<li>Ministrant\u00f3w i lektor\u00f3w ze Stronia \u2013 we wtorek o 19:00 w kaplicy.<\/li>\n<\/ul>\n<\/li>\n<\/ul>\n<ol style=\"text-align: justify;\" start=\"4\">\n<li>Trosk\u0119 o kaplic\u0119 powierza si\u0119 rodzinom z Wolicy: Stanis\u0142aw Hanzel, Wac\u0142aw Zasadni, Janusz Dyrek, Roman Janiak, Edward Le\u015bniak.<\/li>\n<li>Zapraszamy do udzia\u0142u w Pielgrzymce Parafialnej do Kalwarii Zebrzydowskiej. <strong>Odb\u0119dzie si\u0119 ona w sobot\u0119, 3 pa\u017adziernika<\/strong>. W planie mamy Msz\u0119 \u015bw. o godz. 15:00, a wcze\u015bniej drog\u0119 krzy\u017cow\u0105. Nie b\u0119dziemy szli ca\u0142ych dr\u00f3\u017cek wi\u0119c nie b\u0119dzie to bardzo wymagaj\u0105ca trasa, dlatego zach\u0119camy wszystkich, by by\u0142o nas jak najwi\u0119cej. Podobnie jak poprzednio zapraszamy przedstawicieli grup parafialnych, ale te\u017c innych ruch\u00f3w i stowarzysze\u0144 dzia\u0142aj\u0105cych na terenie parafii. Zapisy w zakrystii. Koszt 50 z\u0142.<\/li>\n<li style=\"text-align: justify;\">Wydzia\u0142 Duszpasterstwa Ma\u0142\u017ce\u0144stw i Rodzin zaprasza na dwusemestralne Diecezjalne Studium Rodziny, kt\u00f3re w tym roku odb\u0119dzie si\u0119 w parafii \u015bw. Ma\u0142gorzaty w Nowym S\u0105czu. S\u0142uchacze Studium otrzymaj\u0105 interdyscyplinarn\u0105 wiedz\u0119 z zakresu nauk o rodzinie, zostan\u0105 przygotowani do pos\u0142ugi Doradcy \u017bycia Rodzinnego oraz towarzyszenia narzeczonym i ma\u0142\u017conkom. Szczeg\u00f3\u0142y i link do zapis\u00f3w umieszczony jest na plakatach promocyjnych i na stronie internetowej Wydzia\u0142u Duszpasterstwa Ma\u0142\u017ce\u0144stw i Rodzin Kurii Diecezjalnej w Tarnowie. Zapisy trwaj\u0105 do 8 wrze\u015bnia. Serdecznie zapraszamy<\/li>\n<li>So\u0142tysi przypominaj\u0105 o op\u0142atach za kolejny kwarta\u0142 podatku i za odpady komunalne. Zapraszaj\u0105 te\u017c mieszka\u0144c\u00f3w na zebrania wiejskie:<\/li>\n<\/ol>\n<ul style=\"text-align: justify;\">\n<li>So\u0142ectwo Stronie \u2013 wtorek, 15 wrze\u015bnia, o 18:30 w remizie OSP<\/li>\n<li>So\u0142ectwo Przyszowa II \u2013 w czwartek, 17 wrze\u015bnia o 17:00 w Szk. Podst. nr 2<\/li>\n<li>So\u0142ectwo Przyszowa I \u2013 w czwartek, 17 wrze\u015bnia o 18:30 w \u015awietlicy wiejskiej<\/li>\n<\/ul>\n<p style=\"text-align: justify;\">\u00a0<\/p>\n","protected":false},"excerpt":{"rendered":"<p>XXIII Niedziela Zwyk\u0142a<\/p>\n","protected":false},"author":2,"featured_media":0,"comment_status":"closed","ping_status":"closed","sticky":false,"template":"","format":"standard","meta":{"footnotes":""},"categories":[3],"tags":[],"class_list":["post-7141","post","type-post","status-publish","format-standard","hentry","category-ogloszenia"],"yoast_head":"<!-- This site is optimized with the Yoast SEO plugin v28.4 - https:\/\/yoast.com\/product\/yoast-seo-wordpress\/ -->\n<title>Og\u0142oszenia - 6 wrze\u015bnia 2026 - Parafia Przyszowa<\/title>\n<meta name=\"robots\" content=\"index, follow, max-snippet:-1, max-image-preview:large, max-video-preview:-1\" \/>\n<link rel=\"canonical\" href=\"https:\/\/parafiaprzyszowa.pl\/index.php\/2026\/09\/05\/ogloszenia-6-wrzesnia-2026\/\" \/>\n<meta property=\"og:locale\" content=\"pl_PL\" \/>\n<meta property=\"og:type\" content=\"article\" \/>\n<meta property=\"og:title\" content=\"Og\u0142oszenia - 6 wrze\u015bnia 2026 - Parafia Przyszowa\" \/>\n<meta property=\"og:description\" content=\"XXIII Niedziela Zwyk\u0142a\" \/>\n<meta property=\"og:url\" content=\"https:\/\/parafiaprzyszowa.pl\/index.php\/2026\/09\/05\/ogloszenia-6-wrzesnia-2026\/\" \/>\n<meta property=\"og:site_name\" content=\"Parafia Przyszowa\" \/>\n<meta property=\"article:published_time\" content=\"2026-09-05T14:39:00+00:00\" \/>\n<meta property=\"article:modified_time\" content=\"2026-09-06T05:46:18+00:00\" \/>\n<meta property=\"og:image\" content=\"https:\/\/parafiaprzyszowa.pl\/wp-content\/uploads\/2020\/11\/Ogloszenia-scaled.jpg\" \/>\n\t<meta property=\"og:image:width\" content=\"2560\" \/>\n\t<meta property=\"og:image:height\" content=\"1440\" \/>\n\t<meta property=\"og:image:type\" content=\"image\/jpeg\" \/>\n<meta name=\"author\" content=\"ks. Marcin\" \/>\n<meta name=\"twitter:card\" content=\"summary_large_image\" \/>\n<meta name=\"twitter:label1\" content=\"Napisane przez\" \/>\n\t<meta name=\"twitter:data1\" content=\"ks. Marcin\" \/>\n\t<meta name=\"twitter:label2\" content=\"Szacowany czas czytania\" \/>\n\t<meta name=\"twitter:data2\" content=\"3 minuty\" \/>\n<script type=\"application\/ld+json\" class=\"yoast-schema-graph\">{\"@context\":\"https:\\\/\\\/schema.org\",\"@graph\":[{\"@type\":\"Article\",\"@id\":\"https:\\\/\\\/parafiaprzyszowa.pl\\\/index.php\\\/2026\\\/09\\\/05\\\/ogloszenia-6-wrzesnia-2026\\\/#article\",\"isPartOf\":{\"@id\":\"https:\\\/\\\/parafiaprzyszowa.pl\\\/index.php\\\/2026\\\/09\\\/05\\\/ogloszenia-6-wrzesnia-2026\\\/\"},\"author\":{\"name\":\"ks. Marcin\",\"@id\":\"https:\\\/\\\/parafiaprzyszowa.pl\\\/#\\\/schema\\\/person\\\/291367b2ed775c45bb67ddda0e0fa48b\"},\"headline\":\"Og\u0142oszenia &#8211; 6 wrze\u015bnia 2026\",\"datePublished\":\"2026-09-05T14:39:00+00:00\",\"dateModified\":\"2026-09-06T05:46:18+00:00\",\"mainEntityOfPage\":{\"@id\":\"https:\\\/\\\/parafiaprzyszowa.pl\\\/index.php\\\/2026\\\/09\\\/05\\\/ogloszenia-6-wrzesnia-2026\\\/\"},\"wordCount\":473,\"image\":{\"@id\":\"https:\\\/\\\/parafiaprzyszowa.pl\\\/index.php\\\/2026\\\/09\\\/05\\\/ogloszenia-6-wrzesnia-2026\\\/#primaryimage\"},\"thumbnailUrl\":\"https:\\\/\\\/parafiaprzyszowa.pl\\\/wp-content\\\/uploads\\\/2020\\\/11\\\/Ogloszenia-scaled.jpg\",\"articleSection\":[\"Og\u0142oszenia\"],\"inLanguage\":\"pl-PL\"},{\"@type\":\"WebPage\",\"@id\":\"https:\\\/\\\/parafiaprzyszowa.pl\\\/index.php\\\/2026\\\/09\\\/05\\\/ogloszenia-6-wrzesnia-2026\\\/\",\"url\":\"https:\\\/\\\/parafiaprzyszowa.pl\\\/index.php\\\/2026\\\/09\\\/05\\\/ogloszenia-6-wrzesnia-2026\\\/\",\"name\":\"Og\u0142oszenia - 6 wrze\u015bnia 2026 - Parafia Przyszowa\",\"isPartOf\":{\"@id\":\"https:\\\/\\\/parafiaprzyszowa.pl\\\/#website\"},\"primaryImageOfPage\":{\"@id\":\"https:\\\/\\\/parafiaprzyszowa.pl\\\/index.php\\\/2026\\\/09\\\/05\\\/ogloszenia-6-wrzesnia-2026\\\/#primaryimage\"},\"image\":{\"@id\":\"https:\\\/\\\/parafiaprzyszowa.pl\\\/index.php\\\/2026\\\/09\\\/05\\\/ogloszenia-6-wrzesnia-2026\\\/#primaryimage\"},\"thumbnailUrl\":\"https:\\\/\\\/parafiaprzyszowa.pl\\\/wp-content\\\/uploads\\\/2020\\\/11\\\/Ogloszenia-scaled.jpg\",\"datePublished\":\"2026-09-05T14:39:00+00:00\",\"dateModified\":\"2026-09-06T05:46:18+00:00\",\"author\":{\"@id\":\"https:\\\/\\\/parafiaprzyszowa.pl\\\/#\\\/schema\\\/person\\\/291367b2ed775c45bb67ddda0e0fa48b\"},\"breadcrumb\":{\"@id\":\"https:\\\/\\\/parafiaprzyszowa.pl\\\/index.php\\\/2026\\\/09\\\/05\\\/ogloszenia-6-wrzesnia-2026\\\/#breadcrumb\"},\"inLanguage\":\"pl-PL\",\"potentialAction\":[{\"@type\":\"ReadAction\",\"target\":[\"https:\\\/\\\/parafiaprzyszowa.pl\\\/index.php\\\/2026\\\/09\\\/05\\\/ogloszenia-6-wrzesnia-2026\\\/\"]}]},{\"@type\":\"ImageObject\",\"inLanguage\":\"pl-PL\",\"@id\":\"https:\\\/\\\/parafiaprzyszowa.pl\\\/index.php\\\/2026\\\/09\\\/05\\\/ogloszenia-6-wrzesnia-2026\\\/#primaryimage\",\"url\":\"https:\\\/\\\/parafiaprzyszowa.pl\\\/wp-content\\\/uploads\\\/2020\\\/11\\\/Ogloszenia-scaled.jpg\",\"contentUrl\":\"https:\\\/\\\/parafiaprzyszowa.pl\\\/wp-content\\\/uploads\\\/2020\\\/11\\\/Ogloszenia-scaled.jpg\",\"width\":2560,\"height\":1440},{\"@type\":\"BreadcrumbList\",\"@id\":\"https:\\\/\\\/parafiaprzyszowa.pl\\\/index.php\\\/2026\\\/09\\\/05\\\/ogloszenia-6-wrzesnia-2026\\\/#breadcrumb\",\"itemListElement\":[{\"@type\":\"ListItem\",\"position\":1,\"name\":\"Strona g\u0142\u00f3wna\",\"item\":\"https:\\\/\\\/parafiaprzyszowa.pl\\\/\"},{\"@type\":\"ListItem\",\"position\":2,\"name\":\"Og\u0142oszenia &#8211; 6 wrze\u015bnia 2026\"}]},{\"@type\":\"WebSite\",\"@id\":\"https:\\\/\\\/parafiaprzyszowa.pl\\\/#website\",\"url\":\"https:\\\/\\\/parafiaprzyszowa.pl\\\/\",\"name\":\"Parafia Przyszowa\",\"description\":\"Oficjalna strona Parafii pw. \u015bw. Miko\u0142aja Biskupa w Przyszowej\",\"potentialAction\":[{\"@type\":\"SearchAction\",\"target\":{\"@type\":\"EntryPoint\",\"urlTemplate\":\"https:\\\/\\\/parafiaprzyszowa.pl\\\/?s={search_term_string}\"},\"query-input\":{\"@type\":\"PropertyValueSpecification\",\"valueRequired\":true,\"valueName\":\"search_term_string\"}}],\"inLanguage\":\"pl-PL\"},{\"@type\":\"Person\",\"@id\":\"https:\\\/\\\/parafiaprzyszowa.pl\\\/#\\\/schema\\\/person\\\/291367b2ed775c45bb67ddda0e0fa48b\",\"name\":\"ks. Marcin\",\"image\":{\"@type\":\"ImageObject\",\"inLanguage\":\"pl-PL\",\"@id\":\"https:\\\/\\\/secure.gravatar.com\\\/avatar\\\/9130ac953775ae2c6c390d730a82bd657b49924e391caa35904f9b2887839816?s=96&d=mm&r=g\",\"url\":\"https:\\\/\\\/secure.gravatar.com\\\/avatar\\\/9130ac953775ae2c6c390d730a82bd657b49924e391caa35904f9b2887839816?s=96&d=mm&r=g\",\"contentUrl\":\"https:\\\/\\\/secure.gravatar.com\\\/avatar\\\/9130ac953775ae2c6c390d730a82bd657b49924e391caa35904f9b2887839816?s=96&d=mm&r=g\",\"caption\":\"ks. Marcin\"},\"url\":\"https:\\\/\\\/parafiaprzyszowa.pl\\\/index.php\\\/author\\\/ks-marcin\\\/\"}]}<\/script>\n<!-- \/ Yoast SEO plugin. -->","yoast_head_json":{"title":"Og\u0142oszenia - 6 wrze\u015bnia 2026 - Parafia Przyszowa","robots":{"index":"index","follow":"follow","max-snippet":"max-snippet:-1","max-image-preview":"max-image-preview:large","max-video-preview":"max-video-preview:-1"},"canonical":"https:\/\/parafiaprzyszowa.pl\/index.php\/2026\/09\/05\/ogloszenia-6-wrzesnia-2026\/","og_locale":"pl_PL","og_type":"article","og_title":"Og\u0142oszenia - 6 wrze\u015bnia 2026 - Parafia Przyszowa","og_description":"XXIII Niedziela Zwyk\u0142a","og_url":"https:\/\/parafiaprzyszowa.pl\/index.php\/2026\/09\/05\/ogloszenia-6-wrzesnia-2026\/","og_site_name":"Parafia Przyszowa","article_published_time":"2026-09-05T14:39:00+00:00","article_modified_time":"2026-09-06T05:46:18+00:00","og_image":[{"width":2560,"height":1440,"url":"https:\/\/parafiaprzyszowa.pl\/wp-content\/uploads\/2020\/11\/Ogloszenia-scaled.jpg","type":"image\/jpeg"}],"author":"ks. Marcin","twitter_card":"summary_large_image","twitter_misc":{"Napisane przez":"ks. Marcin","Szacowany czas czytania":"3 minuty"},"schema":{"@context":"https:\/\/schema.org","@graph":[{"@type":"Article","@id":"https:\/\/parafiaprzyszowa.pl\/index.php\/2026\/09\/05\/ogloszenia-6-wrzesnia-2026\/#article","isPartOf":{"@id":"https:\/\/parafiaprzyszowa.pl\/index.php\/2026\/09\/05\/ogloszenia-6-wrzesnia-2026\/"},"author":{"name":"ks. Marcin","@id":"https:\/\/parafiaprzyszowa.pl\/#\/schema\/person\/291367b2ed775c45bb67ddda0e0fa48b"},"headline":"Og\u0142oszenia &#8211; 6 wrze\u015bnia 2026","datePublished":"2026-09-05T14:39:00+00:00","dateModified":"2026-09-06T05:46:18+00:00","mainEntityOfPage":{"@id":"https:\/\/parafiaprzyszowa.pl\/index.php\/2026\/09\/05\/ogloszenia-6-wrzesnia-2026\/"},"wordCount":473,"image":{"@id":"https:\/\/parafiaprzyszowa.pl\/index.php\/2026\/09\/05\/ogloszenia-6-wrzesnia-2026\/#primaryimage"},"thumbnailUrl":"https:\/\/parafiaprzyszowa.pl\/wp-content\/uploads\/2020\/11\/Ogloszenia-scaled.jpg","articleSection":["Og\u0142oszenia"],"inLanguage":"pl-PL"},{"@type":"WebPage","@id":"https:\/\/parafiaprzyszowa.pl\/index.php\/2026\/09\/05\/ogloszenia-6-wrzesnia-2026\/","url":"https:\/\/parafiaprzyszowa.pl\/index.php\/2026\/09\/05\/ogloszenia-6-wrzesnia-2026\/","name":"Og\u0142oszenia - 6 wrze\u015bnia 2026 - Parafia Przyszowa","isPartOf":{"@id":"https:\/\/parafiaprzyszowa.pl\/#website"},"primaryImageOfPage":{"@id":"https:\/\/parafiaprzyszowa.pl\/index.php\/2026\/09\/05\/ogloszenia-6-wrzesnia-2026\/#primaryimage"},"image":{"@id":"https:\/\/parafiaprzyszowa.pl\/index.php\/2026\/09\/05\/ogloszenia-6-wrzesnia-2026\/#primaryimage"},"thumbnailUrl":"https:\/\/parafiaprzyszowa.pl\/wp-content\/uploads\/2020\/11\/Ogloszenia-scaled.jpg","datePublished":"2026-09-05T14:39:00+00:00","dateModified":"2026-09-06T05:46:18+00:00","author":{"@id":"https:\/\/parafiaprzyszowa.pl\/#\/schema\/person\/291367b2ed775c45bb67ddda0e0fa48b"},"breadcrumb":{"@id":"https:\/\/parafiaprzyszowa.pl\/index.php\/2026\/09\/05\/ogloszenia-6-wrzesnia-2026\/#breadcrumb"},"inLanguage":"pl-PL","potentialAction":[{"@type":"ReadAction","target":["https:\/\/parafiaprzyszowa.pl\/index.php\/2026\/09\/05\/ogloszenia-6-wrzesnia-2026\/"]}]},{"@type":"ImageObject","inLanguage":"pl-PL","@id":"https:\/\/parafiaprzyszowa.pl\/index.php\/2026\/09\/05\/ogloszenia-6-wrzesnia-2026\/#primaryimage","url":"https:\/\/parafiaprzyszowa.pl\/wp-content\/uploads\/2020\/11\/Ogloszenia-scaled.jpg","contentUrl":"https:\/\/parafiaprzyszowa.pl\/wp-content\/uploads\/2020\/11\/Ogloszenia-scaled.jpg","width":2560,"height":1440},{"@type":"BreadcrumbList","@id":"https:\/\/parafiaprzyszowa.pl\/index.php\/2026\/09\/05\/ogloszenia-6-wrzesnia-2026\/#breadcrumb","itemListElement":[{"@type":"ListItem","position":1,"name":"Strona g\u0142\u00f3wna","item":"https:\/\/parafiaprzyszowa.pl\/"},{"@type":"ListItem","position":2,"name":"Og\u0142oszenia &#8211; 6 wrze\u015bnia 2026"}]},{"@type":"WebSite","@id":"https:\/\/parafiaprzyszowa.pl\/#website","url":"https:\/\/parafiaprzyszowa.pl\/","name":"Parafia Przyszowa","description":"Oficjalna strona Parafii pw. \u015bw. Miko\u0142aja Biskupa w Przyszowej","potentialAction":[{"@type":"SearchAction","target":{"@type":"EntryPoint","urlTemplate":"https:\/\/parafiaprzyszowa.pl\/?s={search_term_string}"},"query-input":{"@type":"PropertyValueSpecification","valueRequired":true,"valueName":"search_term_string"}}],"inLanguage":"pl-PL"},{"@type":"Person","@id":"https:\/\/parafiaprzyszowa.pl\/#\/schema\/person\/291367b2ed775c45bb67ddda0e0fa48b","name":"ks. Marcin","image":{"@type":"ImageObject","inLanguage":"pl-PL","@id":"https:\/\/secure.gravatar.com\/avatar\/9130ac953775ae2c6c390d730a82bd657b49924e391caa35904f9b2887839816?s=96&d=mm&r=g","url":"https:\/\/secure.gravatar.com\/avatar\/9130ac953775ae2c6c390d730a82bd657b49924e391caa35904f9b2887839816?s=96&d=mm&r=g","contentUrl":"https:\/\/secure.gravatar.com\/avatar\/9130ac953775ae2c6c390d730a82bd657b49924e391caa35904f9b2887839816?s=96&d=mm&r=g","caption":"ks. Marcin"},"url":"https:\/\/parafiaprzyszowa.pl\/index.php\/author\/ks-marcin\/"}]}},"_links":{"self":[{"href":"https:\/\/parafiaprzyszowa.pl\/index.php\/wp-json\/wp\/v2\/posts\/7141","targetHints":{"allow":["GET"]}}],"collection":[{"href":"https:\/\/parafiaprzyszowa.pl\/index.php\/wp-json\/wp\/v2\/posts"}],"about":[{"href":"https:\/\/parafiaprzyszowa.pl\/index.php\/wp-json\/wp\/v2\/types\/post"}],"author":[{"embeddable":true,"href":"https:\/\/parafiaprzyszowa.pl\/index.php\/wp-json\/wp\/v2\/users\/2"}],"replies":[{"embeddable":true,"href":"https:\/\/parafiaprzyszowa.pl\/index.php\/wp-json\/wp\/v2\/comments?post=7141"}],"version-history":[{"count":3,"href":"https:\/\/parafiaprzyszowa.pl\/index.php\/wp-json\/wp\/v2\/posts\/7141\/revisions"}],"predecessor-version":[{"id":7146,"href":"https:\/\/parafiaprzyszowa.pl\/index.php\/wp-json\/wp\/v2\/posts\/7141\/revisions\/7146"}],"wp:attachment":[{"href":"https:\/\/parafiaprzyszowa.pl\/index.php\/wp-json\/wp\/v2\/media?parent=7141"}],"wp:term":[{"taxonomy":"category","embeddable":true,"href":"https:\/\/parafiaprzyszowa.pl\/index.php\/wp-json\/wp\/v2\/categories?post=7141"},{"taxonomy":"post_tag","embeddable":true,"href":"https:\/\/parafiaprzyszowa.pl\/index.php\/wp-json\/wp\/v2\/tags?post=7141"}],"curies":[{"name":"wp","href":"https:\/\/api.w.org\/{rel}","templated":true}]}}