{"id":6960,"date":"2026-05-02T20:35:32","date_gmt":"2026-05-02T18:35:32","guid":{"rendered":"https:\/\/parafiaprzyszowa.pl\/?p=6960"},"modified":"2026-05-02T20:35:32","modified_gmt":"2026-05-02T18:35:32","slug":"ogloszenia-3-maja-2026","status":"publish","type":"post","link":"https:\/\/parafiaprzyszowa.pl\/index.php\/2026\/05\/02\/ogloszenia-3-maja-2026\/","title":{"rendered":"Og\u0142oszenia &#8211; 3 maja 2026"},"content":{"rendered":"\n<div class=\"wp-block-media-text alignwide is-stacked-on-mobile is-vertically-aligned-center\" style=\"grid-template-columns:28% auto\"><figure class=\"wp-block-media-text__media\"><a href=\"https:\/\/parafiaprzyszowa.pl\/?p=6960\"><img loading=\"lazy\" decoding=\"async\" width=\"2560\" height=\"1440\" src=\"https:\/\/parafiaprzyszowa.pl\/wp-content\/uploads\/2020\/11\/Ogloszenia-scaled.jpg\" alt=\"\" class=\"wp-image-3266 size-full\" srcset=\"https:\/\/parafiaprzyszowa.pl\/wp-content\/uploads\/2020\/11\/Ogloszenia-scaled.jpg 2560w, https:\/\/parafiaprzyszowa.pl\/wp-content\/uploads\/2020\/11\/Ogloszenia-300x169.jpg 300w, https:\/\/parafiaprzyszowa.pl\/wp-content\/uploads\/2020\/11\/Ogloszenia-1024x576.jpg 1024w, https:\/\/parafiaprzyszowa.pl\/wp-content\/uploads\/2020\/11\/Ogloszenia-768x432.jpg 768w, https:\/\/parafiaprzyszowa.pl\/wp-content\/uploads\/2020\/11\/Ogloszenia-1536x864.jpg 1536w, https:\/\/parafiaprzyszowa.pl\/wp-content\/uploads\/2020\/11\/Ogloszenia-2048x1152.jpg 2048w, https:\/\/parafiaprzyszowa.pl\/wp-content\/uploads\/2020\/11\/Ogloszenia-900x506.jpg 900w, https:\/\/parafiaprzyszowa.pl\/wp-content\/uploads\/2020\/11\/Ogloszenia-1280x720.jpg 1280w\" sizes=\"auto, (max-width: 2560px) 100vw, 2560px\" \/><\/a><\/figure><div class=\"wp-block-media-text__content\">\n<p class=\"has-text-align-center has-text-color has-link-color wp-elements-a4add15bb5118720237fab6fe5ddb66b\" style=\"color:#ffd000\"><strong><a href=\"https:\/\/parafiaprzyszowa.pl\/?p=6960\">V Niedziela Wielkanocna<\/a><\/strong><\/p>\n<\/div><\/div>\n\n\n<p style=\"text-align: justify;\"><!--more--><\/p>\n<ol style=\"text-align: justify;\">\n<li>Zach\u0119camy do udzia\u0142u w nabo\u017ce\u0144stwach majowych w ko\u015bciele i kaplicy po Mszy wieczornej. W niedziel\u0119 w ko\u015bciele po Mszy o 15:00, w Stroniu po Mszy o 10:00. Zach\u0119camy te\u017c do udzia\u0142u w maj\u00f3wkach przy kapliczkach. Bardzo te\u017c zapraszamy wszystkich, kt\u00f3rzy graj\u0105 na instrumentach d\u0119tych i czuj\u0105 si\u0119 na si\u0142ach do kontynuowania tradycji grania po nabo\u017ce\u0144stwie pie\u015bni maryjnych.<\/li>\n<li>W sobot\u0119, 16 maja o godz. 11:00 dzieci z klas III przyjm\u0105 I Komuni\u0119 \u015awi\u0119t\u0105. Pr\u00f3by przed uroczysto\u015bci\u0105 odb\u0119d\u0105 si\u0119 we wtorek i czwartek po Mszy o 18:00.<\/li>\n<li>Rocznic\u0119 I Komunii \u015awi\u0119tej uczniowie klas IV b\u0119d\u0105 prze\u017cywa\u0107 w niedziel\u0119, 24 maja o godz. 11:30.<\/li>\n<li>Trosk\u0119 o kaplic\u0119 powierza si\u0119 rodzinom ze Stronia-Wie\u015b.<\/li>\n<li>Bardzo prosimy Rodzic\u00f3w dzieci pierwszokomunijnych o przygotowanie ko\u015bcio\u0142a i otoczenia do uroczysto\u015bci. Sprz\u0105tanie ko\u015bcio\u0142a b\u0119dzie w sobot\u0119 o 9:00, natomiast o skoszenie trawnik\u00f3w prosimy w dogodnym czasie.<\/li>\n<li>Rodzina pa\u0144stwa S\u0119dzimir\u00f3w i Pietrzak\u00f3w sk\u0142ada serdeczne podzi\u0119kowania stra\u017cakom i wszystkim, kt\u00f3rzy pomagali ratowa\u0107 dobytek z po\u017caru, a tak\u017ce tym, kt\u00f3rzy ich wspieraj\u0105.<\/li>\n<li>Drodzy Siostry i Bracia. Jako wsp\u00f3lnota parafialna solidaryzujemy si\u0119 z poszkodowanymi w po\u017carze, obejmujemy ich nasz\u0105 modlitw\u0105, ale gdyby kto\u015b chcia\u0142 wesprze\u0107 ich tak\u017ce ofiar\u0105, b\u0119dzie m\u00f3g\u0142 to uczyni\u0107 w najbli\u017csz\u0105 niedziel\u0119 podczas zbi\u00f3rki do puszek. B\u00f3g zap\u0142a\u0107.<\/li>\n<li>So\u0142tysi przypominaj\u0105 o op\u0142atach za 2 kwarta\u0142 podatku i za odpady komunalne.<\/li>\n<li>Do wieczno\u015bci odszed\u0142 \u015bp. Jan W\u00f3jcik. O terminie pogrzebu b\u0119dziemy informowa\u0107 po ustaleniu z rodzin\u0105. Pole\u0107my zmar\u0142ego Jana i zmar\u0142ych z naszych rodzin mi\u0142osierdziu Bo\u017cemu. <em>Wieczny odpoczynek\u2026<\/em><\/li>\n<\/ol>\n<p style=\"font-weight: 400; text-align: center;\"><strong>Komunikat Biskupa Tarnowskiego<\/strong><\/p>\n<p style=\"font-weight: 400; text-align: justify;\">\u00a0\u00a0\u00a0\u00a0\u00a0\u00a0\u00a0\u00a0 Drodzy Diecezjanie!<\/p>\n<p style=\"font-weight: 400; text-align: justify;\"><em>\u00a0\u00a0\u00a0\u00a0\u00a0\u00a0\u00a0\u00a0 <\/em>Z rado\u015bci\u0105 przekazuj\u0119 Wam wiadomo\u015b\u0107, \u017ce Dykasteria ds. Kultu Bo\u017cego i\u00a0Dyscypliny Sakrament\u00f3w \u2013 moc\u0105 udzielonych jej uprawnie\u0144 przez Ojca \u015awi\u0119tego Leona XIV \u2013 obdarzy\u0142a ko\u015bci\u00f3\u0142 pod wezwaniem Naj\u015bwi\u0119tszej Maryi Panny Szkaplerznej w D\u0105browie Tarnowskiej tytu\u0142em i godno\u015bci\u0105 bazyliki mniejszej. Uroczyste og\u0142oszenie tego aktu odb\u0119dzie si\u0119 w\u00a0sobot\u0119 16 maja o\u00a0godz. 11.00 w\u00a0D\u0105browie Tarnowskiej, w dok\u0142adn\u0105 61. rocznic\u0119 konsekracji d\u0105browskiej \u015bwi\u0105tyni. Uroczysto\u015bci tej b\u0119dzie przewodniczy\u0142 kardyna\u0142 Stanis\u0142aw Dziwisz.<\/p>\n<p style=\"font-weight: 400; text-align: justify;\">\u00a0\u00a0\u00a0\u00a0\u00a0\u00a0\u00a0\u00a0 Nowa bazylika mniejsza do\u0142\u0105czy do grona bazylik w naszej diecezji, kt\u00f3re znajduj\u0105 si\u0119: w Tarnowie, Limanowej, Nowym S\u0105czu, Bochni, Szczepanowie, Mielcu, Tuchowie i Grybowie. Przyznanie tytu\u0142u bazyliki mniejszej d\u0105browskiej \u015bwi\u0105tyni wzmacnia w szczeg\u00f3lny spos\u00f3b jej wi\u0119\u017a ze Stolic\u0105 Apostolsk\u0105, z Ojcem \u015awi\u0119tym i\u00a0Pasterzem Ko\u015bcio\u0142a tarnowskiego, kt\u00f3ry jest znakiem jedno\u015bci z Nast\u0119pc\u0105 \u015bw. Piotra Aposto\u0142a. Papieska decyzja czyni ponadto d\u0105browsk\u0105 \u015bwi\u0105tyni\u0119 miejscem szczeg\u00f3lnego duchowego oddzia\u0142ywania w tamtejszym regionie, tym bardziej \u017ce ko\u015bci\u00f3\u0142 ten ju\u017c od blisko osiemnastu lat jest miejscem wieczystej adoracji Naj\u015bwi\u0119tszego Sakramentu.<\/p>\n<p style=\"font-weight: 400; text-align: justify;\">\u00a0\u00a0\u00a0\u00a0\u00a0\u00a0\u00a0\u00a0 Serdecznie zapraszam tarnowskich Diecezjan do udzia\u0142u w tym wydarzeniu, kt\u00f3re ma historyczne\u00a0znaczenie dla naszej diecezji. W spos\u00f3b szczeg\u00f3lny zapraszam na t\u0119 uroczysto\u015b\u0107 mieszka\u0144c\u00f3w D\u0105browy Tarnowskiej i parafii dekanatu d\u0105browskiego, a\u00a0tak\u017ce wiernych z s\u0105siednich dekanat\u00f3w.<\/p>\n<p style=\"font-weight: 400; text-align: justify;\">\u00a0\u00a0\u00a0\u00a0\u00a0\u00a0\u00a0\u00a0 Na pe\u0142ne radosnej wdzi\u0119czno\u015bci prze\u017cywanie wyniesienia d\u0105browskiej \u015bwi\u0105tyni do godno\u015bci bazyliki mniejszej udzielam Wam pasterskiego b\u0142ogos\u0142awie\u0144stwa.<\/p>\n<p style=\"font-weight: 400; text-align: right;\">\u2020 Andrzej Je\u017c<\/p>\n<p style=\"font-weight: 400; text-align: right;\">BISKUP TARNOWSKI<\/p>\n\n\n<p><\/p>\n","protected":false},"excerpt":{"rendered":"<p>V Niedziela Wielkanocna<\/p>\n","protected":false},"author":2,"featured_media":0,"comment_status":"closed","ping_status":"closed","sticky":false,"template":"","format":"standard","meta":{"footnotes":""},"categories":[3],"tags":[],"class_list":["post-6960","post","type-post","status-publish","format-standard","hentry","category-ogloszenia"],"yoast_head":"<!-- This site is optimized with the Yoast SEO plugin v20.4 - https:\/\/yoast.com\/wordpress\/plugins\/seo\/ -->\n<title>Og\u0142oszenia - 3 maja 2026 - Parafia Przyszowa<\/title>\n<meta name=\"robots\" content=\"index, follow, max-snippet:-1, max-image-preview:large, max-video-preview:-1\" \/>\n<link rel=\"canonical\" href=\"https:\/\/parafiaprzyszowa.pl\/index.php\/2026\/05\/02\/ogloszenia-3-maja-2026\/\" \/>\n<meta property=\"og:locale\" content=\"pl_PL\" \/>\n<meta property=\"og:type\" content=\"article\" \/>\n<meta property=\"og:title\" content=\"Og\u0142oszenia - 3 maja 2026 - Parafia Przyszowa\" \/>\n<meta property=\"og:description\" content=\"V Niedziela Wielkanocna\" \/>\n<meta property=\"og:url\" content=\"https:\/\/parafiaprzyszowa.pl\/index.php\/2026\/05\/02\/ogloszenia-3-maja-2026\/\" \/>\n<meta property=\"og:site_name\" content=\"Parafia Przyszowa\" \/>\n<meta property=\"article:published_time\" content=\"2026-05-02T18:35:32+00:00\" \/>\n<meta property=\"og:image\" content=\"https:\/\/parafiaprzyszowa.pl\/wp-content\/uploads\/2020\/11\/Ogloszenia-scaled.jpg\" \/>\n<meta name=\"author\" content=\"ks. Marcin\" \/>\n<meta name=\"twitter:card\" content=\"summary_large_image\" \/>\n<meta name=\"twitter:label1\" content=\"Napisane przez\" \/>\n\t<meta name=\"twitter:data1\" content=\"ks. Marcin\" \/>\n\t<meta name=\"twitter:label2\" content=\"Szacowany czas czytania\" \/>\n\t<meta name=\"twitter:data2\" content=\"3 minuty\" \/>\n<script type=\"application\/ld+json\" class=\"yoast-schema-graph\">{\"@context\":\"https:\/\/schema.org\",\"@graph\":[{\"@type\":\"WebPage\",\"@id\":\"https:\/\/parafiaprzyszowa.pl\/index.php\/2026\/05\/02\/ogloszenia-3-maja-2026\/\",\"url\":\"https:\/\/parafiaprzyszowa.pl\/index.php\/2026\/05\/02\/ogloszenia-3-maja-2026\/\",\"name\":\"Og\u0142oszenia - 3 maja 2026 - Parafia Przyszowa\",\"isPartOf\":{\"@id\":\"https:\/\/parafiaprzyszowa.pl\/#website\"},\"datePublished\":\"2026-05-02T18:35:32+00:00\",\"dateModified\":\"2026-05-02T18:35:32+00:00\",\"author\":{\"@id\":\"https:\/\/parafiaprzyszowa.pl\/#\/schema\/person\/fc3084a9584998cea575ffb9d938f3dc\"},\"breadcrumb\":{\"@id\":\"https:\/\/parafiaprzyszowa.pl\/index.php\/2026\/05\/02\/ogloszenia-3-maja-2026\/#breadcrumb\"},\"inLanguage\":\"pl-PL\",\"potentialAction\":[{\"@type\":\"ReadAction\",\"target\":[\"https:\/\/parafiaprzyszowa.pl\/index.php\/2026\/05\/02\/ogloszenia-3-maja-2026\/\"]}]},{\"@type\":\"BreadcrumbList\",\"@id\":\"https:\/\/parafiaprzyszowa.pl\/index.php\/2026\/05\/02\/ogloszenia-3-maja-2026\/#breadcrumb\",\"itemListElement\":[{\"@type\":\"ListItem\",\"position\":1,\"name\":\"Strona g\u0142\u00f3wna\",\"item\":\"https:\/\/parafiaprzyszowa.pl\/\"},{\"@type\":\"ListItem\",\"position\":2,\"name\":\"Og\u0142oszenia &#8211; 3 maja 2026\"}]},{\"@type\":\"WebSite\",\"@id\":\"https:\/\/parafiaprzyszowa.pl\/#website\",\"url\":\"https:\/\/parafiaprzyszowa.pl\/\",\"name\":\"Parafia Przyszowa\",\"description\":\"Oficjalna strona Parafii pw. \u015bw. Miko\u0142aja Biskupa w Przyszowej\",\"potentialAction\":[{\"@type\":\"SearchAction\",\"target\":{\"@type\":\"EntryPoint\",\"urlTemplate\":\"https:\/\/parafiaprzyszowa.pl\/?s={search_term_string}\"},\"query-input\":\"required name=search_term_string\"}],\"inLanguage\":\"pl-PL\"},{\"@type\":\"Person\",\"@id\":\"https:\/\/parafiaprzyszowa.pl\/#\/schema\/person\/fc3084a9584998cea575ffb9d938f3dc\",\"name\":\"ks. Marcin\",\"image\":{\"@type\":\"ImageObject\",\"inLanguage\":\"pl-PL\",\"@id\":\"https:\/\/parafiaprzyszowa.pl\/#\/schema\/person\/image\/\",\"url\":\"https:\/\/secure.gravatar.com\/avatar\/9130ac953775ae2c6c390d730a82bd657b49924e391caa35904f9b2887839816?s=96&d=mm&r=g\",\"contentUrl\":\"https:\/\/secure.gravatar.com\/avatar\/9130ac953775ae2c6c390d730a82bd657b49924e391caa35904f9b2887839816?s=96&d=mm&r=g\",\"caption\":\"ks. Marcin\"},\"url\":\"https:\/\/parafiaprzyszowa.pl\/index.php\/author\/ks-marcin\/\"}]}<\/script>\n<!-- \/ Yoast SEO plugin. -->","yoast_head_json":{"title":"Og\u0142oszenia - 3 maja 2026 - Parafia Przyszowa","robots":{"index":"index","follow":"follow","max-snippet":"max-snippet:-1","max-image-preview":"max-image-preview:large","max-video-preview":"max-video-preview:-1"},"canonical":"https:\/\/parafiaprzyszowa.pl\/index.php\/2026\/05\/02\/ogloszenia-3-maja-2026\/","og_locale":"pl_PL","og_type":"article","og_title":"Og\u0142oszenia - 3 maja 2026 - Parafia Przyszowa","og_description":"V Niedziela Wielkanocna","og_url":"https:\/\/parafiaprzyszowa.pl\/index.php\/2026\/05\/02\/ogloszenia-3-maja-2026\/","og_site_name":"Parafia Przyszowa","article_published_time":"2026-05-02T18:35:32+00:00","og_image":[{"url":"https:\/\/parafiaprzyszowa.pl\/wp-content\/uploads\/2020\/11\/Ogloszenia-scaled.jpg"}],"author":"ks. Marcin","twitter_card":"summary_large_image","twitter_misc":{"Napisane przez":"ks. Marcin","Szacowany czas czytania":"3 minuty"},"schema":{"@context":"https:\/\/schema.org","@graph":[{"@type":"WebPage","@id":"https:\/\/parafiaprzyszowa.pl\/index.php\/2026\/05\/02\/ogloszenia-3-maja-2026\/","url":"https:\/\/parafiaprzyszowa.pl\/index.php\/2026\/05\/02\/ogloszenia-3-maja-2026\/","name":"Og\u0142oszenia - 3 maja 2026 - Parafia Przyszowa","isPartOf":{"@id":"https:\/\/parafiaprzyszowa.pl\/#website"},"datePublished":"2026-05-02T18:35:32+00:00","dateModified":"2026-05-02T18:35:32+00:00","author":{"@id":"https:\/\/parafiaprzyszowa.pl\/#\/schema\/person\/fc3084a9584998cea575ffb9d938f3dc"},"breadcrumb":{"@id":"https:\/\/parafiaprzyszowa.pl\/index.php\/2026\/05\/02\/ogloszenia-3-maja-2026\/#breadcrumb"},"inLanguage":"pl-PL","potentialAction":[{"@type":"ReadAction","target":["https:\/\/parafiaprzyszowa.pl\/index.php\/2026\/05\/02\/ogloszenia-3-maja-2026\/"]}]},{"@type":"BreadcrumbList","@id":"https:\/\/parafiaprzyszowa.pl\/index.php\/2026\/05\/02\/ogloszenia-3-maja-2026\/#breadcrumb","itemListElement":[{"@type":"ListItem","position":1,"name":"Strona g\u0142\u00f3wna","item":"https:\/\/parafiaprzyszowa.pl\/"},{"@type":"ListItem","position":2,"name":"Og\u0142oszenia &#8211; 3 maja 2026"}]},{"@type":"WebSite","@id":"https:\/\/parafiaprzyszowa.pl\/#website","url":"https:\/\/parafiaprzyszowa.pl\/","name":"Parafia Przyszowa","description":"Oficjalna strona Parafii pw. \u015bw. Miko\u0142aja Biskupa w Przyszowej","potentialAction":[{"@type":"SearchAction","target":{"@type":"EntryPoint","urlTemplate":"https:\/\/parafiaprzyszowa.pl\/?s={search_term_string}"},"query-input":"required name=search_term_string"}],"inLanguage":"pl-PL"},{"@type":"Person","@id":"https:\/\/parafiaprzyszowa.pl\/#\/schema\/person\/fc3084a9584998cea575ffb9d938f3dc","name":"ks. Marcin","image":{"@type":"ImageObject","inLanguage":"pl-PL","@id":"https:\/\/parafiaprzyszowa.pl\/#\/schema\/person\/image\/","url":"https:\/\/secure.gravatar.com\/avatar\/9130ac953775ae2c6c390d730a82bd657b49924e391caa35904f9b2887839816?s=96&d=mm&r=g","contentUrl":"https:\/\/secure.gravatar.com\/avatar\/9130ac953775ae2c6c390d730a82bd657b49924e391caa35904f9b2887839816?s=96&d=mm&r=g","caption":"ks. Marcin"},"url":"https:\/\/parafiaprzyszowa.pl\/index.php\/author\/ks-marcin\/"}]}},"_links":{"self":[{"href":"https:\/\/parafiaprzyszowa.pl\/index.php\/wp-json\/wp\/v2\/posts\/6960","targetHints":{"allow":["GET"]}}],"collection":[{"href":"https:\/\/parafiaprzyszowa.pl\/index.php\/wp-json\/wp\/v2\/posts"}],"about":[{"href":"https:\/\/parafiaprzyszowa.pl\/index.php\/wp-json\/wp\/v2\/types\/post"}],"author":[{"embeddable":true,"href":"https:\/\/parafiaprzyszowa.pl\/index.php\/wp-json\/wp\/v2\/users\/2"}],"replies":[{"embeddable":true,"href":"https:\/\/parafiaprzyszowa.pl\/index.php\/wp-json\/wp\/v2\/comments?post=6960"}],"version-history":[{"count":1,"href":"https:\/\/parafiaprzyszowa.pl\/index.php\/wp-json\/wp\/v2\/posts\/6960\/revisions"}],"predecessor-version":[{"id":6961,"href":"https:\/\/parafiaprzyszowa.pl\/index.php\/wp-json\/wp\/v2\/posts\/6960\/revisions\/6961"}],"wp:attachment":[{"href":"https:\/\/parafiaprzyszowa.pl\/index.php\/wp-json\/wp\/v2\/media?parent=6960"}],"wp:term":[{"taxonomy":"category","embeddable":true,"href":"https:\/\/parafiaprzyszowa.pl\/index.php\/wp-json\/wp\/v2\/categories?post=6960"},{"taxonomy":"post_tag","embeddable":true,"href":"https:\/\/parafiaprzyszowa.pl\/index.php\/wp-json\/wp\/v2\/tags?post=6960"}],"curies":[{"name":"wp","href":"https:\/\/api.w.org\/{rel}","templated":true}]}}