{"id":6952,"date":"2026-04-27T20:46:34","date_gmt":"2026-04-27T18:46:34","guid":{"rendered":"https:\/\/parafiaprzyszowa.pl\/?p=6952"},"modified":"2026-04-27T20:47:29","modified_gmt":"2026-04-27T18:47:29","slug":"dyspensa-1-maja-2026","status":"publish","type":"post","link":"https:\/\/parafiaprzyszowa.pl\/index.php\/2026\/04\/27\/dyspensa-1-maja-2026\/","title":{"rendered":"Dyspensa &#8211; 1 maja 2026"},"content":{"rendered":"<h3 style=\"text-align: justify;\"><span style=\"color: #ff0000;\"><strong>W trosce o dobro duchowe wiernych, maj\u0105c na uwadze rodzinny charakter spotka\u0144 w pierwsze dni maja, Biskup Tarnowski \u2013 na mocy kan. 87\u00a71 KPK \u2013 udzieli\u0142 wiernym zamieszkuj\u0105cym i przebywaj\u0105cym na terenie diecezji tarnowskiej dyspensy od obowi\u0105zku powstrzymania si\u0119 od spo\u017cywania pokarm\u00f3w mi\u0119snych w pi\u0105tek 1 maja 2026 roku (kan. 1251 KPK).<\/strong><\/span><\/h3>\n<h3 style=\"text-align: justify;\"><span style=\"color: #ff0000;\"><strong>Korzystaj\u0105cy z tej dyspensy s\u0105 zobowi\u0105zani do ofiarowania w tym dniu dowolnej modlitwy w intencji pokoju na \u015bwiecie lub do spe\u0142nienia konkretnego uczynku mi\u0142osierdzia<\/strong><\/span><\/h3>\n","protected":false},"excerpt":{"rendered":"<p>W trosce o dobro duchowe wiernych, maj\u0105c na uwadze rodzinny charakter spotka\u0144 w pierwsze dni maja, Biskup Tarnowski \u2013 na mocy kan. 87\u00a71 KPK \u2013 udzieli\u0142 wiernym zamieszkuj\u0105cym i przebywaj\u0105cym na terenie diecezji tarnowskiej dyspensy od obowi\u0105zku powstrzymania si\u0119 od spo\u017cywania pokarm\u00f3w mi\u0119snych w pi\u0105tek 1 maja 2026 roku (kan. 1251 KPK). Korzystaj\u0105cy z tej [&hellip;]<\/p>\n","protected":false},"author":2,"featured_media":0,"comment_status":"closed","ping_status":"closed","sticky":true,"template":"","format":"standard","meta":{"footnotes":""},"categories":[2],"tags":[],"class_list":["post-6952","post","type-post","status-publish","format-standard","hentry","category-aktualnosci"],"yoast_head":"<!-- This site is optimized with the Yoast SEO plugin v20.4 - https:\/\/yoast.com\/wordpress\/plugins\/seo\/ -->\n<title>Dyspensa - 1 maja 2026 - Parafia Przyszowa<\/title>\n<meta name=\"robots\" content=\"index, follow, max-snippet:-1, max-image-preview:large, max-video-preview:-1\" \/>\n<link rel=\"canonical\" href=\"https:\/\/parafiaprzyszowa.pl\/index.php\/2026\/04\/27\/dyspensa-1-maja-2026\/\" \/>\n<meta property=\"og:locale\" content=\"pl_PL\" \/>\n<meta property=\"og:type\" content=\"article\" \/>\n<meta property=\"og:title\" content=\"Dyspensa - 1 maja 2026 - Parafia Przyszowa\" \/>\n<meta property=\"og:description\" content=\"W trosce o dobro duchowe wiernych, maj\u0105c na uwadze rodzinny charakter spotka\u0144 w pierwsze dni maja, Biskup Tarnowski \u2013 na mocy kan. 87\u00a71 KPK \u2013 udzieli\u0142 wiernym zamieszkuj\u0105cym i przebywaj\u0105cym na terenie diecezji tarnowskiej dyspensy od obowi\u0105zku powstrzymania si\u0119 od spo\u017cywania pokarm\u00f3w mi\u0119snych w pi\u0105tek 1 maja 2026 roku (kan. 1251 KPK). Korzystaj\u0105cy z tej [&hellip;]\" \/>\n<meta property=\"og:url\" content=\"https:\/\/parafiaprzyszowa.pl\/index.php\/2026\/04\/27\/dyspensa-1-maja-2026\/\" \/>\n<meta property=\"og:site_name\" content=\"Parafia Przyszowa\" \/>\n<meta property=\"article:published_time\" content=\"2026-04-27T18:46:34+00:00\" \/>\n<meta property=\"article:modified_time\" content=\"2026-04-27T18:47:29+00:00\" \/>\n<meta name=\"author\" content=\"ks. Marcin\" \/>\n<meta name=\"twitter:card\" content=\"summary_large_image\" \/>\n<meta name=\"twitter:label1\" content=\"Napisane przez\" \/>\n\t<meta name=\"twitter:data1\" content=\"ks. Marcin\" \/>\n\t<meta name=\"twitter:label2\" content=\"Szacowany czas czytania\" \/>\n\t<meta name=\"twitter:data2\" content=\"1 minuta\" \/>\n<script type=\"application\/ld+json\" class=\"yoast-schema-graph\">{\"@context\":\"https:\/\/schema.org\",\"@graph\":[{\"@type\":\"WebPage\",\"@id\":\"https:\/\/parafiaprzyszowa.pl\/index.php\/2026\/04\/27\/dyspensa-1-maja-2026\/\",\"url\":\"https:\/\/parafiaprzyszowa.pl\/index.php\/2026\/04\/27\/dyspensa-1-maja-2026\/\",\"name\":\"Dyspensa - 1 maja 2026 - Parafia Przyszowa\",\"isPartOf\":{\"@id\":\"https:\/\/parafiaprzyszowa.pl\/#website\"},\"datePublished\":\"2026-04-27T18:46:34+00:00\",\"dateModified\":\"2026-04-27T18:47:29+00:00\",\"author\":{\"@id\":\"https:\/\/parafiaprzyszowa.pl\/#\/schema\/person\/fc3084a9584998cea575ffb9d938f3dc\"},\"breadcrumb\":{\"@id\":\"https:\/\/parafiaprzyszowa.pl\/index.php\/2026\/04\/27\/dyspensa-1-maja-2026\/#breadcrumb\"},\"inLanguage\":\"pl-PL\",\"potentialAction\":[{\"@type\":\"ReadAction\",\"target\":[\"https:\/\/parafiaprzyszowa.pl\/index.php\/2026\/04\/27\/dyspensa-1-maja-2026\/\"]}]},{\"@type\":\"BreadcrumbList\",\"@id\":\"https:\/\/parafiaprzyszowa.pl\/index.php\/2026\/04\/27\/dyspensa-1-maja-2026\/#breadcrumb\",\"itemListElement\":[{\"@type\":\"ListItem\",\"position\":1,\"name\":\"Strona g\u0142\u00f3wna\",\"item\":\"https:\/\/parafiaprzyszowa.pl\/\"},{\"@type\":\"ListItem\",\"position\":2,\"name\":\"Dyspensa &#8211; 1 maja 2026\"}]},{\"@type\":\"WebSite\",\"@id\":\"https:\/\/parafiaprzyszowa.pl\/#website\",\"url\":\"https:\/\/parafiaprzyszowa.pl\/\",\"name\":\"Parafia Przyszowa\",\"description\":\"Oficjalna strona Parafii pw. \u015bw. Miko\u0142aja Biskupa w Przyszowej\",\"potentialAction\":[{\"@type\":\"SearchAction\",\"target\":{\"@type\":\"EntryPoint\",\"urlTemplate\":\"https:\/\/parafiaprzyszowa.pl\/?s={search_term_string}\"},\"query-input\":\"required name=search_term_string\"}],\"inLanguage\":\"pl-PL\"},{\"@type\":\"Person\",\"@id\":\"https:\/\/parafiaprzyszowa.pl\/#\/schema\/person\/fc3084a9584998cea575ffb9d938f3dc\",\"name\":\"ks. Marcin\",\"image\":{\"@type\":\"ImageObject\",\"inLanguage\":\"pl-PL\",\"@id\":\"https:\/\/parafiaprzyszowa.pl\/#\/schema\/person\/image\/\",\"url\":\"https:\/\/secure.gravatar.com\/avatar\/9130ac953775ae2c6c390d730a82bd657b49924e391caa35904f9b2887839816?s=96&d=mm&r=g\",\"contentUrl\":\"https:\/\/secure.gravatar.com\/avatar\/9130ac953775ae2c6c390d730a82bd657b49924e391caa35904f9b2887839816?s=96&d=mm&r=g\",\"caption\":\"ks. Marcin\"},\"url\":\"https:\/\/parafiaprzyszowa.pl\/index.php\/author\/ks-marcin\/\"}]}<\/script>\n<!-- \/ Yoast SEO plugin. -->","yoast_head_json":{"title":"Dyspensa - 1 maja 2026 - Parafia Przyszowa","robots":{"index":"index","follow":"follow","max-snippet":"max-snippet:-1","max-image-preview":"max-image-preview:large","max-video-preview":"max-video-preview:-1"},"canonical":"https:\/\/parafiaprzyszowa.pl\/index.php\/2026\/04\/27\/dyspensa-1-maja-2026\/","og_locale":"pl_PL","og_type":"article","og_title":"Dyspensa - 1 maja 2026 - Parafia Przyszowa","og_description":"W trosce o dobro duchowe wiernych, maj\u0105c na uwadze rodzinny charakter spotka\u0144 w pierwsze dni maja, Biskup Tarnowski \u2013 na mocy kan. 87\u00a71 KPK \u2013 udzieli\u0142 wiernym zamieszkuj\u0105cym i przebywaj\u0105cym na terenie diecezji tarnowskiej dyspensy od obowi\u0105zku powstrzymania si\u0119 od spo\u017cywania pokarm\u00f3w mi\u0119snych w pi\u0105tek 1 maja 2026 roku (kan. 1251 KPK). Korzystaj\u0105cy z tej [&hellip;]","og_url":"https:\/\/parafiaprzyszowa.pl\/index.php\/2026\/04\/27\/dyspensa-1-maja-2026\/","og_site_name":"Parafia Przyszowa","article_published_time":"2026-04-27T18:46:34+00:00","article_modified_time":"2026-04-27T18:47:29+00:00","author":"ks. Marcin","twitter_card":"summary_large_image","twitter_misc":{"Napisane przez":"ks. Marcin","Szacowany czas czytania":"1 minuta"},"schema":{"@context":"https:\/\/schema.org","@graph":[{"@type":"WebPage","@id":"https:\/\/parafiaprzyszowa.pl\/index.php\/2026\/04\/27\/dyspensa-1-maja-2026\/","url":"https:\/\/parafiaprzyszowa.pl\/index.php\/2026\/04\/27\/dyspensa-1-maja-2026\/","name":"Dyspensa - 1 maja 2026 - Parafia Przyszowa","isPartOf":{"@id":"https:\/\/parafiaprzyszowa.pl\/#website"},"datePublished":"2026-04-27T18:46:34+00:00","dateModified":"2026-04-27T18:47:29+00:00","author":{"@id":"https:\/\/parafiaprzyszowa.pl\/#\/schema\/person\/fc3084a9584998cea575ffb9d938f3dc"},"breadcrumb":{"@id":"https:\/\/parafiaprzyszowa.pl\/index.php\/2026\/04\/27\/dyspensa-1-maja-2026\/#breadcrumb"},"inLanguage":"pl-PL","potentialAction":[{"@type":"ReadAction","target":["https:\/\/parafiaprzyszowa.pl\/index.php\/2026\/04\/27\/dyspensa-1-maja-2026\/"]}]},{"@type":"BreadcrumbList","@id":"https:\/\/parafiaprzyszowa.pl\/index.php\/2026\/04\/27\/dyspensa-1-maja-2026\/#breadcrumb","itemListElement":[{"@type":"ListItem","position":1,"name":"Strona g\u0142\u00f3wna","item":"https:\/\/parafiaprzyszowa.pl\/"},{"@type":"ListItem","position":2,"name":"Dyspensa &#8211; 1 maja 2026"}]},{"@type":"WebSite","@id":"https:\/\/parafiaprzyszowa.pl\/#website","url":"https:\/\/parafiaprzyszowa.pl\/","name":"Parafia Przyszowa","description":"Oficjalna strona Parafii pw. \u015bw. Miko\u0142aja Biskupa w Przyszowej","potentialAction":[{"@type":"SearchAction","target":{"@type":"EntryPoint","urlTemplate":"https:\/\/parafiaprzyszowa.pl\/?s={search_term_string}"},"query-input":"required name=search_term_string"}],"inLanguage":"pl-PL"},{"@type":"Person","@id":"https:\/\/parafiaprzyszowa.pl\/#\/schema\/person\/fc3084a9584998cea575ffb9d938f3dc","name":"ks. Marcin","image":{"@type":"ImageObject","inLanguage":"pl-PL","@id":"https:\/\/parafiaprzyszowa.pl\/#\/schema\/person\/image\/","url":"https:\/\/secure.gravatar.com\/avatar\/9130ac953775ae2c6c390d730a82bd657b49924e391caa35904f9b2887839816?s=96&d=mm&r=g","contentUrl":"https:\/\/secure.gravatar.com\/avatar\/9130ac953775ae2c6c390d730a82bd657b49924e391caa35904f9b2887839816?s=96&d=mm&r=g","caption":"ks. Marcin"},"url":"https:\/\/parafiaprzyszowa.pl\/index.php\/author\/ks-marcin\/"}]}},"_links":{"self":[{"href":"https:\/\/parafiaprzyszowa.pl\/index.php\/wp-json\/wp\/v2\/posts\/6952","targetHints":{"allow":["GET"]}}],"collection":[{"href":"https:\/\/parafiaprzyszowa.pl\/index.php\/wp-json\/wp\/v2\/posts"}],"about":[{"href":"https:\/\/parafiaprzyszowa.pl\/index.php\/wp-json\/wp\/v2\/types\/post"}],"author":[{"embeddable":true,"href":"https:\/\/parafiaprzyszowa.pl\/index.php\/wp-json\/wp\/v2\/users\/2"}],"replies":[{"embeddable":true,"href":"https:\/\/parafiaprzyszowa.pl\/index.php\/wp-json\/wp\/v2\/comments?post=6952"}],"version-history":[{"count":2,"href":"https:\/\/parafiaprzyszowa.pl\/index.php\/wp-json\/wp\/v2\/posts\/6952\/revisions"}],"predecessor-version":[{"id":6954,"href":"https:\/\/parafiaprzyszowa.pl\/index.php\/wp-json\/wp\/v2\/posts\/6952\/revisions\/6954"}],"wp:attachment":[{"href":"https:\/\/parafiaprzyszowa.pl\/index.php\/wp-json\/wp\/v2\/media?parent=6952"}],"wp:term":[{"taxonomy":"category","embeddable":true,"href":"https:\/\/parafiaprzyszowa.pl\/index.php\/wp-json\/wp\/v2\/categories?post=6952"},{"taxonomy":"post_tag","embeddable":true,"href":"https:\/\/parafiaprzyszowa.pl\/index.php\/wp-json\/wp\/v2\/tags?post=6952"}],"curies":[{"name":"wp","href":"https:\/\/api.w.org\/{rel}","templated":true}]}}