{"id":6949,"date":"2026-04-25T14:04:48","date_gmt":"2026-04-25T12:04:48","guid":{"rendered":"https:\/\/parafiaprzyszowa.pl\/?p=6949"},"modified":"2026-04-25T14:04:48","modified_gmt":"2026-04-25T12:04:48","slug":"ogloszenia-26-kwietnia-2026","status":"publish","type":"post","link":"https:\/\/parafiaprzyszowa.pl\/index.php\/2026\/04\/25\/ogloszenia-26-kwietnia-2026\/","title":{"rendered":"Og\u0142oszenia &#8211; 26 kwietnia 2026"},"content":{"rendered":"\n<div class=\"wp-block-media-text alignwide is-stacked-on-mobile is-vertically-aligned-center\" style=\"grid-template-columns:28% auto\"><figure class=\"wp-block-media-text__media\"><a href=\"https:\/\/parafiaprzyszowa.pl\/?p=6949\"><img loading=\"lazy\" decoding=\"async\" width=\"2560\" height=\"1440\" src=\"https:\/\/parafiaprzyszowa.pl\/wp-content\/uploads\/2020\/11\/Ogloszenia-scaled.jpg\" alt=\"\" class=\"wp-image-3266 size-full\" srcset=\"https:\/\/parafiaprzyszowa.pl\/wp-content\/uploads\/2020\/11\/Ogloszenia-scaled.jpg 2560w, https:\/\/parafiaprzyszowa.pl\/wp-content\/uploads\/2020\/11\/Ogloszenia-300x169.jpg 300w, https:\/\/parafiaprzyszowa.pl\/wp-content\/uploads\/2020\/11\/Ogloszenia-1024x576.jpg 1024w, https:\/\/parafiaprzyszowa.pl\/wp-content\/uploads\/2020\/11\/Ogloszenia-768x432.jpg 768w, https:\/\/parafiaprzyszowa.pl\/wp-content\/uploads\/2020\/11\/Ogloszenia-1536x864.jpg 1536w, https:\/\/parafiaprzyszowa.pl\/wp-content\/uploads\/2020\/11\/Ogloszenia-2048x1152.jpg 2048w, https:\/\/parafiaprzyszowa.pl\/wp-content\/uploads\/2020\/11\/Ogloszenia-900x506.jpg 900w, https:\/\/parafiaprzyszowa.pl\/wp-content\/uploads\/2020\/11\/Ogloszenia-1280x720.jpg 1280w\" sizes=\"auto, (max-width: 2560px) 100vw, 2560px\" \/><\/a><\/figure><div class=\"wp-block-media-text__content\">\n<p class=\"has-text-align-center has-text-color has-link-color wp-elements-1089eea03d0159ffaa3da6b9eec72f09\" style=\"color:#ffd000\"><strong><a href=\"https:\/\/parafiaprzyszowa.pl\/?p=6949\">IV Niedziela Wielkanocna<\/a><\/strong><\/p>\n<\/div><\/div>\n\n\n<p><!--more--><\/p>\n<ol>\n<li style=\"text-align: justify;\">B\u00f3g zap\u0142a\u0107 za ofiary na tac\u0119 na Wy\u017csze Seminarium Duchowne w Tarnowie. Rozpoczynamy tydzie\u0144 modlitw o powo\u0142ania kap\u0142a\u0144skie i zakonne. Pami\u0119tajmy o tej intencji tak\u017ce w naszych prywatnych modlitwach.<\/li>\n<li style=\"text-align: justify;\">Ksi\u0105dz Krzysztof Klimczak, proboszcz z Czarnego Potoku sk\u0142ada serdeczne podzi\u0119kowania za ofiary w ubieg\u0142\u0105 niedziel\u0119 na budowany w tamtejszej parafii ko\u015bci\u00f3\u0142. Z\u0142o\u017cyli\u015bmy 11.160 z\u0142. B\u00f3g zap\u0142a\u0107.<\/li>\n<li style=\"text-align: justify;\">Dzieci z klas III zapraszamy na spowied\u017a pr\u00f3bn\u0105 jutro:\n<ul>\n<li>ze Szko\u0142y Podstawowej nr 2 na godz. 17:00<\/li>\n<li>ze Szko\u0142y Podstawowej nr 1:\n<ul>\n<li>kl III a na godz. 17:30,<\/li>\n<li>III b na godz. 18:00<\/li>\n<\/ul>\n<\/li>\n<li>ze Szko\u0142y Podstawowej w Stroniu na godz. 18:30<\/li>\n<\/ul>\n<\/li>\n<li style=\"text-align: justify;\">W tygodniu przypada I pi\u0105tek i sobota miesi\u0105ca. Zach\u0119camy do spowiedzi: w czwartek dzieci ze szk\u00f3\u0142 podstawowych, w pi\u0105tek m\u0142odzie\u017c i starszych. Spowied\u017a w Stroniu od 16:00, w ko\u015bciele od 17:00.<\/li>\n<li style=\"text-align: justify;\">Chorych odwiedzimy w pi\u0105tek od 8:30.<\/li>\n<li style=\"text-align: justify;\">Zmiana tajemnic w sobot\u0119 w ko\u015bciele o 7:00, w Stroniu o 16:30.<\/li>\n<li style=\"text-align: justify;\">W pi\u0105tek rozpoczniemy nabo\u017ce\u0144stwa majowe. B\u0119d\u0105 sprawowane w ko\u015bciele i kaplicy po Mszy wieczornej. W niedziel\u0119 w ko\u015bciele po Mszy o 15:00, w Stroniu po Mszy o 10:00. Zach\u0119camy te\u017c do udzia\u0142u w maj\u00f3wkach przy kapliczkach.<\/li>\n<li style=\"text-align: justify;\">W naszej diecezji nie udzielono dyspensy od wstrzemi\u0119\u017aliwo\u015bci od pokarm\u00f3w mi\u0119snych na najbli\u017cszy pi\u0105tek. Przypada jednak d\u0142ugi weekend dlatego przypominamy, \u017ce w uzasadnionych przypadkach zawsze mo\u017cna zwr\u00f3ci\u0107 si\u0119 o dyspens\u0119 do ksi\u0119dza proboszcza.<\/li>\n<li style=\"text-align: justify;\">W sobot\u0119 b\u0119dziemy prze\u017cywa\u0107 Uroczysto\u015b\u0107 Naj\u015bwi\u0119tszej Maryi Panny Kr\u00f3lowej Polski, przeniesion\u0105 z niedzieli. Msze w sobot\u0119 o 7:00, 11:00 i 18:00, w Stroniu o 16:30. Szczeg\u00f3lnie zapraszamy na Msz\u0119 o godz. 11:00 w intencji Ojczyzny.<\/li>\n<li style=\"text-align: justify;\">W niedziel\u0119 podczas sumy b\u0119dziemy modli\u0107 si\u0119 w intencji stra\u017cak\u00f3w OSP Przyszowa i ich rodzin a tak\u017ce za zmar\u0142ych druh\u00f3w.<\/li>\n<li style=\"text-align: justify;\">Trosk\u0119 o kaplic\u0119 powierza si\u0119 rodzinom ze Stronia-Wie\u015b: Jakub Potoczek, Przemys\u0142aw Dziuban, J\u00f3zef Wilk, Adam Szymczyk, Krzysztof Nowog\u00f3rski.<\/li>\n<li style=\"text-align: justify;\">W tygodniu rozpoczynaj\u0105 si\u0119 poza parafi\u0105 msze gregoria\u0144skie za zmar\u0142ych: J\u00f3zefa Hebd\u0119, Augustyna Krawca, Tomasza Przeliorza, J\u00f3zefa Kotlarza, Jana Janika, Jana Wilka, Jana Rumiana, Andrzeja S\u0119dzimira, Ignacego Wajd\u0119, Wand\u0119 Wilk i Jana Ward\u0119g\u0119 (2 msze greg.)<\/li>\n<li style=\"text-align: justify;\">W \u0142\u0105czno\u015bci Akcj\u0105 Katolick\u0105 Diecezji Tarnowskiej, zapraszamy do modlitwy w intencji Ksi\u0119dza Biskupa Tarnowskiego w zwi\u0105zku z trwaj\u0105cym procesem s\u0105dowym, a tak\u017ce w intencji wszystkich os\u00f3b skrzywdzonych. Wsp\u00f3lne czuwanie w naszym ko\u015bciele odb\u0119dzie si\u0119 w\u00a0czwartek o godz. 18:00.\u00a0Chcemy wsp\u00f3lnie prosi\u0107 o \u015bwiat\u0142o Ducha \u015awi\u0119tego i sprawiedliwe rozstrzygni\u0119cie oparte na pe\u0142nej prawdzie.<\/li>\n<li style=\"text-align: justify;\">Informujemy, \u017ce od tego miesi\u0105ca poczta w Przyszowej funkcjonuje w nowym miejscu czyli w sklepie odzie\u017cowym u p. Marty Hanzel, obok sklepu Hit-Pol.<\/li>\n<\/ol>","protected":false},"excerpt":{"rendered":"<p>IV Niedziela Wielkanocna<\/p>\n","protected":false},"author":2,"featured_media":0,"comment_status":"closed","ping_status":"closed","sticky":false,"template":"","format":"standard","meta":{"footnotes":""},"categories":[2],"tags":[],"class_list":["post-6949","post","type-post","status-publish","format-standard","hentry","category-aktualnosci"],"yoast_head":"<!-- This site is optimized with the Yoast SEO plugin v20.4 - https:\/\/yoast.com\/wordpress\/plugins\/seo\/ -->\n<title>Og\u0142oszenia - 26 kwietnia 2026 - Parafia Przyszowa<\/title>\n<meta name=\"robots\" content=\"index, follow, max-snippet:-1, max-image-preview:large, max-video-preview:-1\" \/>\n<link rel=\"canonical\" href=\"https:\/\/parafiaprzyszowa.pl\/index.php\/2026\/04\/25\/ogloszenia-26-kwietnia-2026\/\" \/>\n<meta property=\"og:locale\" content=\"pl_PL\" \/>\n<meta property=\"og:type\" content=\"article\" \/>\n<meta property=\"og:title\" content=\"Og\u0142oszenia - 26 kwietnia 2026 - Parafia Przyszowa\" \/>\n<meta property=\"og:description\" content=\"IV Niedziela Wielkanocna\" \/>\n<meta property=\"og:url\" content=\"https:\/\/parafiaprzyszowa.pl\/index.php\/2026\/04\/25\/ogloszenia-26-kwietnia-2026\/\" \/>\n<meta property=\"og:site_name\" content=\"Parafia Przyszowa\" \/>\n<meta property=\"article:published_time\" content=\"2026-04-25T12:04:48+00:00\" \/>\n<meta property=\"og:image\" content=\"https:\/\/parafiaprzyszowa.pl\/wp-content\/uploads\/2020\/11\/Ogloszenia-scaled.jpg\" \/>\n<meta name=\"author\" content=\"ks. Marcin\" \/>\n<meta name=\"twitter:card\" content=\"summary_large_image\" \/>\n<meta name=\"twitter:label1\" content=\"Napisane przez\" \/>\n\t<meta name=\"twitter:data1\" content=\"ks. Marcin\" \/>\n\t<meta name=\"twitter:label2\" content=\"Szacowany czas czytania\" \/>\n\t<meta name=\"twitter:data2\" content=\"3 minuty\" \/>\n<script type=\"application\/ld+json\" class=\"yoast-schema-graph\">{\"@context\":\"https:\/\/schema.org\",\"@graph\":[{\"@type\":\"WebPage\",\"@id\":\"https:\/\/parafiaprzyszowa.pl\/index.php\/2026\/04\/25\/ogloszenia-26-kwietnia-2026\/\",\"url\":\"https:\/\/parafiaprzyszowa.pl\/index.php\/2026\/04\/25\/ogloszenia-26-kwietnia-2026\/\",\"name\":\"Og\u0142oszenia - 26 kwietnia 2026 - Parafia Przyszowa\",\"isPartOf\":{\"@id\":\"https:\/\/parafiaprzyszowa.pl\/#website\"},\"datePublished\":\"2026-04-25T12:04:48+00:00\",\"dateModified\":\"2026-04-25T12:04:48+00:00\",\"author\":{\"@id\":\"https:\/\/parafiaprzyszowa.pl\/#\/schema\/person\/fc3084a9584998cea575ffb9d938f3dc\"},\"breadcrumb\":{\"@id\":\"https:\/\/parafiaprzyszowa.pl\/index.php\/2026\/04\/25\/ogloszenia-26-kwietnia-2026\/#breadcrumb\"},\"inLanguage\":\"pl-PL\",\"potentialAction\":[{\"@type\":\"ReadAction\",\"target\":[\"https:\/\/parafiaprzyszowa.pl\/index.php\/2026\/04\/25\/ogloszenia-26-kwietnia-2026\/\"]}]},{\"@type\":\"BreadcrumbList\",\"@id\":\"https:\/\/parafiaprzyszowa.pl\/index.php\/2026\/04\/25\/ogloszenia-26-kwietnia-2026\/#breadcrumb\",\"itemListElement\":[{\"@type\":\"ListItem\",\"position\":1,\"name\":\"Strona g\u0142\u00f3wna\",\"item\":\"https:\/\/parafiaprzyszowa.pl\/\"},{\"@type\":\"ListItem\",\"position\":2,\"name\":\"Og\u0142oszenia &#8211; 26 kwietnia 2026\"}]},{\"@type\":\"WebSite\",\"@id\":\"https:\/\/parafiaprzyszowa.pl\/#website\",\"url\":\"https:\/\/parafiaprzyszowa.pl\/\",\"name\":\"Parafia Przyszowa\",\"description\":\"Oficjalna strona Parafii pw. \u015bw. Miko\u0142aja Biskupa w Przyszowej\",\"potentialAction\":[{\"@type\":\"SearchAction\",\"target\":{\"@type\":\"EntryPoint\",\"urlTemplate\":\"https:\/\/parafiaprzyszowa.pl\/?s={search_term_string}\"},\"query-input\":\"required name=search_term_string\"}],\"inLanguage\":\"pl-PL\"},{\"@type\":\"Person\",\"@id\":\"https:\/\/parafiaprzyszowa.pl\/#\/schema\/person\/fc3084a9584998cea575ffb9d938f3dc\",\"name\":\"ks. Marcin\",\"image\":{\"@type\":\"ImageObject\",\"inLanguage\":\"pl-PL\",\"@id\":\"https:\/\/parafiaprzyszowa.pl\/#\/schema\/person\/image\/\",\"url\":\"https:\/\/secure.gravatar.com\/avatar\/9130ac953775ae2c6c390d730a82bd657b49924e391caa35904f9b2887839816?s=96&d=mm&r=g\",\"contentUrl\":\"https:\/\/secure.gravatar.com\/avatar\/9130ac953775ae2c6c390d730a82bd657b49924e391caa35904f9b2887839816?s=96&d=mm&r=g\",\"caption\":\"ks. Marcin\"},\"url\":\"https:\/\/parafiaprzyszowa.pl\/index.php\/author\/ks-marcin\/\"}]}<\/script>\n<!-- \/ Yoast SEO plugin. -->","yoast_head_json":{"title":"Og\u0142oszenia - 26 kwietnia 2026 - Parafia Przyszowa","robots":{"index":"index","follow":"follow","max-snippet":"max-snippet:-1","max-image-preview":"max-image-preview:large","max-video-preview":"max-video-preview:-1"},"canonical":"https:\/\/parafiaprzyszowa.pl\/index.php\/2026\/04\/25\/ogloszenia-26-kwietnia-2026\/","og_locale":"pl_PL","og_type":"article","og_title":"Og\u0142oszenia - 26 kwietnia 2026 - Parafia Przyszowa","og_description":"IV Niedziela Wielkanocna","og_url":"https:\/\/parafiaprzyszowa.pl\/index.php\/2026\/04\/25\/ogloszenia-26-kwietnia-2026\/","og_site_name":"Parafia Przyszowa","article_published_time":"2026-04-25T12:04:48+00:00","og_image":[{"url":"https:\/\/parafiaprzyszowa.pl\/wp-content\/uploads\/2020\/11\/Ogloszenia-scaled.jpg"}],"author":"ks. Marcin","twitter_card":"summary_large_image","twitter_misc":{"Napisane przez":"ks. Marcin","Szacowany czas czytania":"3 minuty"},"schema":{"@context":"https:\/\/schema.org","@graph":[{"@type":"WebPage","@id":"https:\/\/parafiaprzyszowa.pl\/index.php\/2026\/04\/25\/ogloszenia-26-kwietnia-2026\/","url":"https:\/\/parafiaprzyszowa.pl\/index.php\/2026\/04\/25\/ogloszenia-26-kwietnia-2026\/","name":"Og\u0142oszenia - 26 kwietnia 2026 - Parafia Przyszowa","isPartOf":{"@id":"https:\/\/parafiaprzyszowa.pl\/#website"},"datePublished":"2026-04-25T12:04:48+00:00","dateModified":"2026-04-25T12:04:48+00:00","author":{"@id":"https:\/\/parafiaprzyszowa.pl\/#\/schema\/person\/fc3084a9584998cea575ffb9d938f3dc"},"breadcrumb":{"@id":"https:\/\/parafiaprzyszowa.pl\/index.php\/2026\/04\/25\/ogloszenia-26-kwietnia-2026\/#breadcrumb"},"inLanguage":"pl-PL","potentialAction":[{"@type":"ReadAction","target":["https:\/\/parafiaprzyszowa.pl\/index.php\/2026\/04\/25\/ogloszenia-26-kwietnia-2026\/"]}]},{"@type":"BreadcrumbList","@id":"https:\/\/parafiaprzyszowa.pl\/index.php\/2026\/04\/25\/ogloszenia-26-kwietnia-2026\/#breadcrumb","itemListElement":[{"@type":"ListItem","position":1,"name":"Strona g\u0142\u00f3wna","item":"https:\/\/parafiaprzyszowa.pl\/"},{"@type":"ListItem","position":2,"name":"Og\u0142oszenia &#8211; 26 kwietnia 2026"}]},{"@type":"WebSite","@id":"https:\/\/parafiaprzyszowa.pl\/#website","url":"https:\/\/parafiaprzyszowa.pl\/","name":"Parafia Przyszowa","description":"Oficjalna strona Parafii pw. \u015bw. Miko\u0142aja Biskupa w Przyszowej","potentialAction":[{"@type":"SearchAction","target":{"@type":"EntryPoint","urlTemplate":"https:\/\/parafiaprzyszowa.pl\/?s={search_term_string}"},"query-input":"required name=search_term_string"}],"inLanguage":"pl-PL"},{"@type":"Person","@id":"https:\/\/parafiaprzyszowa.pl\/#\/schema\/person\/fc3084a9584998cea575ffb9d938f3dc","name":"ks. Marcin","image":{"@type":"ImageObject","inLanguage":"pl-PL","@id":"https:\/\/parafiaprzyszowa.pl\/#\/schema\/person\/image\/","url":"https:\/\/secure.gravatar.com\/avatar\/9130ac953775ae2c6c390d730a82bd657b49924e391caa35904f9b2887839816?s=96&d=mm&r=g","contentUrl":"https:\/\/secure.gravatar.com\/avatar\/9130ac953775ae2c6c390d730a82bd657b49924e391caa35904f9b2887839816?s=96&d=mm&r=g","caption":"ks. Marcin"},"url":"https:\/\/parafiaprzyszowa.pl\/index.php\/author\/ks-marcin\/"}]}},"_links":{"self":[{"href":"https:\/\/parafiaprzyszowa.pl\/index.php\/wp-json\/wp\/v2\/posts\/6949","targetHints":{"allow":["GET"]}}],"collection":[{"href":"https:\/\/parafiaprzyszowa.pl\/index.php\/wp-json\/wp\/v2\/posts"}],"about":[{"href":"https:\/\/parafiaprzyszowa.pl\/index.php\/wp-json\/wp\/v2\/types\/post"}],"author":[{"embeddable":true,"href":"https:\/\/parafiaprzyszowa.pl\/index.php\/wp-json\/wp\/v2\/users\/2"}],"replies":[{"embeddable":true,"href":"https:\/\/parafiaprzyszowa.pl\/index.php\/wp-json\/wp\/v2\/comments?post=6949"}],"version-history":[{"count":1,"href":"https:\/\/parafiaprzyszowa.pl\/index.php\/wp-json\/wp\/v2\/posts\/6949\/revisions"}],"predecessor-version":[{"id":6950,"href":"https:\/\/parafiaprzyszowa.pl\/index.php\/wp-json\/wp\/v2\/posts\/6949\/revisions\/6950"}],"wp:attachment":[{"href":"https:\/\/parafiaprzyszowa.pl\/index.php\/wp-json\/wp\/v2\/media?parent=6949"}],"wp:term":[{"taxonomy":"category","embeddable":true,"href":"https:\/\/parafiaprzyszowa.pl\/index.php\/wp-json\/wp\/v2\/categories?post=6949"},{"taxonomy":"post_tag","embeddable":true,"href":"https:\/\/parafiaprzyszowa.pl\/index.php\/wp-json\/wp\/v2\/tags?post=6949"}],"curies":[{"name":"wp","href":"https:\/\/api.w.org\/{rel}","templated":true}]}}