{"id":6876,"date":"2026-03-14T18:11:06","date_gmt":"2026-03-14T17:11:06","guid":{"rendered":"https:\/\/parafiaprzyszowa.pl\/?p=6876"},"modified":"2026-03-15T06:07:27","modified_gmt":"2026-03-15T05:07:27","slug":"ogloszenia-15-marca-2026","status":"publish","type":"post","link":"https:\/\/parafiaprzyszowa.pl\/index.php\/2026\/03\/14\/ogloszenia-15-marca-2026\/","title":{"rendered":"Og\u0142oszenia &#8211; 15 marca 2026"},"content":{"rendered":"\n<div class=\"wp-block-media-text alignwide is-stacked-on-mobile is-vertically-aligned-center\" style=\"grid-template-columns:28% auto\"><figure class=\"wp-block-media-text__media\"><a href=\"https:\/\/parafiaprzyszowa.pl\/?p=6876\"><img loading=\"lazy\" decoding=\"async\" width=\"2560\" height=\"1440\" src=\"https:\/\/parafiaprzyszowa.pl\/wp-content\/uploads\/2020\/11\/Ogloszenia-scaled.jpg\" alt=\"\" class=\"wp-image-3266 size-full\" srcset=\"https:\/\/parafiaprzyszowa.pl\/wp-content\/uploads\/2020\/11\/Ogloszenia-scaled.jpg 2560w, https:\/\/parafiaprzyszowa.pl\/wp-content\/uploads\/2020\/11\/Ogloszenia-300x169.jpg 300w, https:\/\/parafiaprzyszowa.pl\/wp-content\/uploads\/2020\/11\/Ogloszenia-1024x576.jpg 1024w, https:\/\/parafiaprzyszowa.pl\/wp-content\/uploads\/2020\/11\/Ogloszenia-768x432.jpg 768w, https:\/\/parafiaprzyszowa.pl\/wp-content\/uploads\/2020\/11\/Ogloszenia-1536x864.jpg 1536w, https:\/\/parafiaprzyszowa.pl\/wp-content\/uploads\/2020\/11\/Ogloszenia-2048x1152.jpg 2048w, https:\/\/parafiaprzyszowa.pl\/wp-content\/uploads\/2020\/11\/Ogloszenia-900x506.jpg 900w, https:\/\/parafiaprzyszowa.pl\/wp-content\/uploads\/2020\/11\/Ogloszenia-1280x720.jpg 1280w\" sizes=\"auto, (max-width: 2560px) 100vw, 2560px\" \/><\/a><\/figure><div class=\"wp-block-media-text__content\">\n<p class=\"has-text-align-center has-text-color has-link-color wp-elements-2f4bd00a84693507cb4d2ec808d1e17f\" style=\"color:#de70dc\"><strong><a href=\"https:\/\/parafiaprzyszowa.pl\/?p=6876\">IV Niedziela Wielkiego Postu<\/a><\/strong><\/p>\n<\/div><\/div>\n\n\n<p style=\"text-align: justify;\"><!--more--><strong style=\"font-size: revert;\">\u00a0<\/strong><\/p>\n<ol style=\"text-align: justify;\">\n<li>Witamy siostry s\u0142u\u017cebniczki i zach\u0119camy do wsparcia ich dzie\u0142.<\/li>\n<li>Przypominamy, \u017ce przez ca\u0142y Wielki Post sprawowane s\u0105 w tygodniu tak\u017ce Msze po po\u0142udniu: w ko\u015bciele o 18:00, w kaplicy o 16:30.<\/li>\n<li>Zach\u0119camy do udzia\u0142u w nabo\u017ce\u0144stwach wielkopostnych:<\/li>\n<\/ol>\n<p style=\"font-weight: 400; text-align: justify;\"><strong>Droga <\/strong><strong>Krzy\u017cowa:<\/strong><\/p>\n<ul style=\"text-align: justify;\">\n<li>w ko\u015bciele:\n<ul style=\"text-align: justify;\">\n<li><strong>w pi\u0105tek<\/strong> o godz.<strong> 5:45,<\/strong> <strong>17:30<\/strong> oraz o <strong>19:30<\/strong><\/li>\n<li><strong>w niedziel\u0119<\/strong> o godz. <strong>10:30 <\/strong>i <strong>14:00<\/strong><\/li>\n<\/ul>\n<\/li>\n<li>w Stroniu:\n<ul style=\"text-align: justify;\">\n<li>w pi\u0105tek o godz. <strong>16:00<\/strong><\/li>\n<\/ul>\n<\/li>\n<\/ul>\n<p style=\"font-weight: 400; text-align: justify;\"><strong>Gorzkie \u017bale w niedziele:<\/strong><\/p>\n<ul style=\"text-align: justify;\">\n<li>w ko\u015bciele o godz. <strong>15:00<\/strong> i po nich Msza \u015awi\u0119ta<\/li>\n<li>w Stroniu <strong>po Mszy \u015awi\u0119tej o godz. 10:00<\/strong><\/li>\n<\/ul>\n<ol start=\"4\">\n<li style=\"text-align: justify;\">Rodzin\u0119 b\u0142. Edmunda Bojanowskiego zapraszamy na spotkanie w \u015brod\u0119 po Mszy wieczornej do domu si\u00f3str.<\/li>\n<li style=\"text-align: justify;\">W czwartek przypada Uroczysto\u015b\u0107 \u015aw. J\u00f3zefa, Oblubie\u0144ca Naj\u015bwi\u0119tszej Maryi Panny. Mimo, \u017ce nie jest to \u015bwi\u0119to obowi\u0105zkowe zach\u0119camy do udzia\u0142u w Mszy \u015bwi\u0119tej. Msze w tym dniu jak w dzie\u0144 powszedni.<\/li>\n<li style=\"text-align: justify;\">Trosk\u0119 o kaplic\u0119 powierza si\u0119 rodzinom z Kasprzak\u00f3wki: Krzysztof Woli\u0144ski, Kazimierz W\u00f3jtowicz, Micha\u0142 Dyrek, Krzysztof Kunicki, Rafa\u0142 Kunicki.<\/li>\n<li style=\"text-align: justify;\">Jak ju\u017c zapowiadali\u015bmy, w tym roku parafialne rekolekcje nie odb\u0119d\u0105 si\u0119 w Wielkim Po\u015bcie, ale wyj\u0105tkowo w adwencie, na zako\u0144czenie jubileuszu 700-lecia naszej parafii, przed odpustem ku czci \u015bw. Miko\u0142aja. Natomiast spowied\u017a przed\u015bwi\u0105teczn\u0105 odb\u0119dzie si\u0119 w poniedzia\u0142ek po Niedzieli Palmowej.<\/li>\n<li style=\"text-align: justify;\">W kinach jest wy\u015bwietlany film Naj\u015bwi\u0119tsze Serce. Gor\u0105co zach\u0119camy do obejrzenia tej produkcji, tym bardziej, \u017ce od najbli\u017cszej soboty b\u0119dzie wy\u015bwietlany tak\u017ce w Kinie Klaps w Limanowej.<\/li>\n<li style=\"text-align: justify;\">Jak co roku jest organizowany wyjazd do Kalwarii na obchody Wielkiego Pi\u0105tku. Informacje i zapisy u p. Janusza Mrowcy. Nadal zach\u0119camy te\u017c do zapis\u00f3w na pielgrzymk\u0119 na Jasn\u0105 G\u00f3r\u0119 18 kwietnia. Zapisy w zakrystii.<\/li>\n<li style=\"text-align: justify;\">W ostatnim tygodniu odesz\u0142y do wieczno\u015bci \u015bp. Anna Kr\u00f3l i Ksenia Biernat Pole\u0107my je i zmar\u0142ych z naszych rodzin mi\u0142osierdziu Bo\u017cemu. <em>Wieczny odpoczynek&#8230;<\/em><\/li>\n<\/ol>\n<p style=\"font-weight: 400; text-align: center;\"><strong>Komunikat w zwi\u0105zku z Dniem \u015awi\u0119to\u015bci \u017bycia<\/strong><\/p>\n<p style=\"font-weight: 400; text-align: left;\">Drodzy Diecezjanie!<\/p>\n<p style=\"font-weight: 400; text-align: justify;\">Tradycyjnie ju\u017c w uroczysto\u015b\u0107 Zwiastowania Pa\u0144skiego b\u0119dziemy obchodzi\u0107 Dzie\u0144 \u015awi\u0119to\u015bci \u017bycia, podejmuj\u0105c wezwanie \u015bw. Jana Paw\u0142a II z encykliki <em>Evangelium Vitae<\/em>: \u201eSzanuj, bro\u0144, mi\u0142uj \u017cycie i s\u0142u\u017c \u017cyciu \u2013 ka\u017cdemu \u017cyciu ludzkiemu! Tylko na tej drodze znajdziesz sprawiedliwo\u015b\u0107, rozw\u00f3j, prawdziw\u0105 wolno\u015b\u0107, pok\u00f3j, szcz\u0119\u015bcie!\u201d (EV, 5).<\/p>\n<p style=\"font-weight: 400; text-align: justify;\">W r\u00f3\u017cnorakie obszary troski wsp\u00f3lnoty Ko\u015bcio\u0142a o \u017cycie pocz\u0119te mocno wpisuje si\u0119 dzie\u0142o Duchowej Adopcji Dziecka Pocz\u0119tego. Ten przejaw mi\u0142o\u015bci do drugiego cz\u0142owieka polega na podj\u0119ciu dziewi\u0119ciomiesi\u0119cznego zobowi\u0105zania do codziennej modlitwy w intencji dziecka pocz\u0119tego, kt\u00f3re pozostaj\u0105c dla nas anonimowe, ma ju\u017c swoj\u0105 to\u017csamo\u015b\u0107 i rozpocz\u0119t\u0105 histori\u0119 \u017cycia pod sercem matki. Modlitwa w\u00a0ramach Duchowej Adopcji, aby pocz\u0119te dziecko mog\u0142o rozwija\u0107 si\u0119, wzrasta\u0107 i w przysz\u0142o\u015bci podj\u0105\u0107 swoje indywidualne powo\u0142anie \u017cyciowe, stanowi te\u017c wsparcie dla jego rodziny.<\/p>\n<p style=\"font-weight: 400; text-align: justify;\">\u00a0\u00a0\u00a0 Serdecznie zach\u0119cam po podj\u0119cia dzie\u0142a Duchowej Adopcji. Mo\u017cna to uczyni\u0107 indywidualne b\u0105d\u017a we wsp\u00f3lnocie parafialnej w\u00a0uroczysto\u015b\u0107 Zwiastowania Pa\u0144skiego, a tak\u017ce \u0142\u0105cz\u0105c si\u0119 poprzez transmisj\u0119 radia RDN Ma\u0142opolska i RDN Nowy S\u0105cz z\u00a0diecezjalnymi obchodami Dnia \u015awi\u0119to\u015bci \u017bycia, kt\u00f3re b\u0119dziemy prze\u017cywa\u0107 w parafii \u015awi\u0119tej Rodziny w Tarnowie podczas Mszy \u015awi\u0119tej sprawowanej o godz. 18:00. Szczeg\u00f3\u0142owe dotycz\u0105ce Duchowej Adopcji podane s\u0105 na stronie internetowej Wydzia\u0142u Duszpasterstwa Ma\u0142\u017ce\u0144stw i Rodzin naszej diecezji a tak\u017ce w mediach diecezjalnych.<\/p>\n<p style=\"font-weight: 400; text-align: justify;\">\u015awi\u0119ty Janie Pawle II, m\u00f3dl si\u0119 za nami!<\/p>\n<p style=\"font-weight: 400; text-align: justify;\">Z pasterskim b\u0142ogos\u0142awie\u0144stwem<\/p>\n<p style=\"font-weight: 400; text-align: right;\">\u2020 Andrzej Je\u017c<\/p>\n<p style=\"font-weight: 400; text-align: right;\">BISKUP TARNOWSKI<\/p>\n\n\n<p><\/p>\n","protected":false},"excerpt":{"rendered":"<p>IV Niedziela Wielkiego Postu<\/p>\n","protected":false},"author":2,"featured_media":0,"comment_status":"closed","ping_status":"closed","sticky":false,"template":"","format":"standard","meta":{"footnotes":""},"categories":[3],"tags":[],"class_list":["post-6876","post","type-post","status-publish","format-standard","hentry","category-ogloszenia"],"yoast_head":"<!-- This site is optimized with the Yoast SEO plugin v20.4 - https:\/\/yoast.com\/wordpress\/plugins\/seo\/ -->\n<title>Og\u0142oszenia - 15 marca 2026 - Parafia Przyszowa<\/title>\n<meta name=\"robots\" content=\"index, follow, max-snippet:-1, max-image-preview:large, max-video-preview:-1\" \/>\n<link rel=\"canonical\" href=\"https:\/\/parafiaprzyszowa.pl\/index.php\/2026\/03\/14\/ogloszenia-15-marca-2026\/\" \/>\n<meta property=\"og:locale\" content=\"pl_PL\" \/>\n<meta property=\"og:type\" content=\"article\" \/>\n<meta property=\"og:title\" content=\"Og\u0142oszenia - 15 marca 2026 - Parafia Przyszowa\" \/>\n<meta property=\"og:description\" content=\"IV Niedziela Wielkiego Postu\" \/>\n<meta property=\"og:url\" content=\"https:\/\/parafiaprzyszowa.pl\/index.php\/2026\/03\/14\/ogloszenia-15-marca-2026\/\" \/>\n<meta property=\"og:site_name\" content=\"Parafia Przyszowa\" \/>\n<meta property=\"article:published_time\" content=\"2026-03-14T17:11:06+00:00\" \/>\n<meta property=\"article:modified_time\" content=\"2026-03-15T05:07:27+00:00\" \/>\n<meta property=\"og:image\" content=\"https:\/\/parafiaprzyszowa.pl\/wp-content\/uploads\/2020\/11\/Ogloszenia-scaled.jpg\" \/>\n<meta name=\"author\" content=\"ks. Marcin\" \/>\n<meta name=\"twitter:card\" content=\"summary_large_image\" \/>\n<meta name=\"twitter:label1\" content=\"Napisane przez\" \/>\n\t<meta name=\"twitter:data1\" content=\"ks. Marcin\" \/>\n\t<meta name=\"twitter:label2\" content=\"Szacowany czas czytania\" \/>\n\t<meta name=\"twitter:data2\" content=\"4 minuty\" \/>\n<script type=\"application\/ld+json\" class=\"yoast-schema-graph\">{\"@context\":\"https:\/\/schema.org\",\"@graph\":[{\"@type\":\"WebPage\",\"@id\":\"https:\/\/parafiaprzyszowa.pl\/index.php\/2026\/03\/14\/ogloszenia-15-marca-2026\/\",\"url\":\"https:\/\/parafiaprzyszowa.pl\/index.php\/2026\/03\/14\/ogloszenia-15-marca-2026\/\",\"name\":\"Og\u0142oszenia - 15 marca 2026 - Parafia Przyszowa\",\"isPartOf\":{\"@id\":\"https:\/\/parafiaprzyszowa.pl\/#website\"},\"datePublished\":\"2026-03-14T17:11:06+00:00\",\"dateModified\":\"2026-03-15T05:07:27+00:00\",\"author\":{\"@id\":\"https:\/\/parafiaprzyszowa.pl\/#\/schema\/person\/fc3084a9584998cea575ffb9d938f3dc\"},\"breadcrumb\":{\"@id\":\"https:\/\/parafiaprzyszowa.pl\/index.php\/2026\/03\/14\/ogloszenia-15-marca-2026\/#breadcrumb\"},\"inLanguage\":\"pl-PL\",\"potentialAction\":[{\"@type\":\"ReadAction\",\"target\":[\"https:\/\/parafiaprzyszowa.pl\/index.php\/2026\/03\/14\/ogloszenia-15-marca-2026\/\"]}]},{\"@type\":\"BreadcrumbList\",\"@id\":\"https:\/\/parafiaprzyszowa.pl\/index.php\/2026\/03\/14\/ogloszenia-15-marca-2026\/#breadcrumb\",\"itemListElement\":[{\"@type\":\"ListItem\",\"position\":1,\"name\":\"Strona g\u0142\u00f3wna\",\"item\":\"https:\/\/parafiaprzyszowa.pl\/\"},{\"@type\":\"ListItem\",\"position\":2,\"name\":\"Og\u0142oszenia &#8211; 15 marca 2026\"}]},{\"@type\":\"WebSite\",\"@id\":\"https:\/\/parafiaprzyszowa.pl\/#website\",\"url\":\"https:\/\/parafiaprzyszowa.pl\/\",\"name\":\"Parafia Przyszowa\",\"description\":\"Oficjalna strona Parafii pw. \u015bw. Miko\u0142aja Biskupa w Przyszowej\",\"potentialAction\":[{\"@type\":\"SearchAction\",\"target\":{\"@type\":\"EntryPoint\",\"urlTemplate\":\"https:\/\/parafiaprzyszowa.pl\/?s={search_term_string}\"},\"query-input\":\"required name=search_term_string\"}],\"inLanguage\":\"pl-PL\"},{\"@type\":\"Person\",\"@id\":\"https:\/\/parafiaprzyszowa.pl\/#\/schema\/person\/fc3084a9584998cea575ffb9d938f3dc\",\"name\":\"ks. Marcin\",\"image\":{\"@type\":\"ImageObject\",\"inLanguage\":\"pl-PL\",\"@id\":\"https:\/\/parafiaprzyszowa.pl\/#\/schema\/person\/image\/\",\"url\":\"https:\/\/secure.gravatar.com\/avatar\/9130ac953775ae2c6c390d730a82bd657b49924e391caa35904f9b2887839816?s=96&d=mm&r=g\",\"contentUrl\":\"https:\/\/secure.gravatar.com\/avatar\/9130ac953775ae2c6c390d730a82bd657b49924e391caa35904f9b2887839816?s=96&d=mm&r=g\",\"caption\":\"ks. Marcin\"},\"url\":\"https:\/\/parafiaprzyszowa.pl\/index.php\/author\/ks-marcin\/\"}]}<\/script>\n<!-- \/ Yoast SEO plugin. -->","yoast_head_json":{"title":"Og\u0142oszenia - 15 marca 2026 - Parafia Przyszowa","robots":{"index":"index","follow":"follow","max-snippet":"max-snippet:-1","max-image-preview":"max-image-preview:large","max-video-preview":"max-video-preview:-1"},"canonical":"https:\/\/parafiaprzyszowa.pl\/index.php\/2026\/03\/14\/ogloszenia-15-marca-2026\/","og_locale":"pl_PL","og_type":"article","og_title":"Og\u0142oszenia - 15 marca 2026 - Parafia Przyszowa","og_description":"IV Niedziela Wielkiego Postu","og_url":"https:\/\/parafiaprzyszowa.pl\/index.php\/2026\/03\/14\/ogloszenia-15-marca-2026\/","og_site_name":"Parafia Przyszowa","article_published_time":"2026-03-14T17:11:06+00:00","article_modified_time":"2026-03-15T05:07:27+00:00","og_image":[{"url":"https:\/\/parafiaprzyszowa.pl\/wp-content\/uploads\/2020\/11\/Ogloszenia-scaled.jpg"}],"author":"ks. Marcin","twitter_card":"summary_large_image","twitter_misc":{"Napisane przez":"ks. Marcin","Szacowany czas czytania":"4 minuty"},"schema":{"@context":"https:\/\/schema.org","@graph":[{"@type":"WebPage","@id":"https:\/\/parafiaprzyszowa.pl\/index.php\/2026\/03\/14\/ogloszenia-15-marca-2026\/","url":"https:\/\/parafiaprzyszowa.pl\/index.php\/2026\/03\/14\/ogloszenia-15-marca-2026\/","name":"Og\u0142oszenia - 15 marca 2026 - Parafia Przyszowa","isPartOf":{"@id":"https:\/\/parafiaprzyszowa.pl\/#website"},"datePublished":"2026-03-14T17:11:06+00:00","dateModified":"2026-03-15T05:07:27+00:00","author":{"@id":"https:\/\/parafiaprzyszowa.pl\/#\/schema\/person\/fc3084a9584998cea575ffb9d938f3dc"},"breadcrumb":{"@id":"https:\/\/parafiaprzyszowa.pl\/index.php\/2026\/03\/14\/ogloszenia-15-marca-2026\/#breadcrumb"},"inLanguage":"pl-PL","potentialAction":[{"@type":"ReadAction","target":["https:\/\/parafiaprzyszowa.pl\/index.php\/2026\/03\/14\/ogloszenia-15-marca-2026\/"]}]},{"@type":"BreadcrumbList","@id":"https:\/\/parafiaprzyszowa.pl\/index.php\/2026\/03\/14\/ogloszenia-15-marca-2026\/#breadcrumb","itemListElement":[{"@type":"ListItem","position":1,"name":"Strona g\u0142\u00f3wna","item":"https:\/\/parafiaprzyszowa.pl\/"},{"@type":"ListItem","position":2,"name":"Og\u0142oszenia &#8211; 15 marca 2026"}]},{"@type":"WebSite","@id":"https:\/\/parafiaprzyszowa.pl\/#website","url":"https:\/\/parafiaprzyszowa.pl\/","name":"Parafia Przyszowa","description":"Oficjalna strona Parafii pw. \u015bw. Miko\u0142aja Biskupa w Przyszowej","potentialAction":[{"@type":"SearchAction","target":{"@type":"EntryPoint","urlTemplate":"https:\/\/parafiaprzyszowa.pl\/?s={search_term_string}"},"query-input":"required name=search_term_string"}],"inLanguage":"pl-PL"},{"@type":"Person","@id":"https:\/\/parafiaprzyszowa.pl\/#\/schema\/person\/fc3084a9584998cea575ffb9d938f3dc","name":"ks. Marcin","image":{"@type":"ImageObject","inLanguage":"pl-PL","@id":"https:\/\/parafiaprzyszowa.pl\/#\/schema\/person\/image\/","url":"https:\/\/secure.gravatar.com\/avatar\/9130ac953775ae2c6c390d730a82bd657b49924e391caa35904f9b2887839816?s=96&d=mm&r=g","contentUrl":"https:\/\/secure.gravatar.com\/avatar\/9130ac953775ae2c6c390d730a82bd657b49924e391caa35904f9b2887839816?s=96&d=mm&r=g","caption":"ks. Marcin"},"url":"https:\/\/parafiaprzyszowa.pl\/index.php\/author\/ks-marcin\/"}]}},"_links":{"self":[{"href":"https:\/\/parafiaprzyszowa.pl\/index.php\/wp-json\/wp\/v2\/posts\/6876","targetHints":{"allow":["GET"]}}],"collection":[{"href":"https:\/\/parafiaprzyszowa.pl\/index.php\/wp-json\/wp\/v2\/posts"}],"about":[{"href":"https:\/\/parafiaprzyszowa.pl\/index.php\/wp-json\/wp\/v2\/types\/post"}],"author":[{"embeddable":true,"href":"https:\/\/parafiaprzyszowa.pl\/index.php\/wp-json\/wp\/v2\/users\/2"}],"replies":[{"embeddable":true,"href":"https:\/\/parafiaprzyszowa.pl\/index.php\/wp-json\/wp\/v2\/comments?post=6876"}],"version-history":[{"count":2,"href":"https:\/\/parafiaprzyszowa.pl\/index.php\/wp-json\/wp\/v2\/posts\/6876\/revisions"}],"predecessor-version":[{"id":6878,"href":"https:\/\/parafiaprzyszowa.pl\/index.php\/wp-json\/wp\/v2\/posts\/6876\/revisions\/6878"}],"wp:attachment":[{"href":"https:\/\/parafiaprzyszowa.pl\/index.php\/wp-json\/wp\/v2\/media?parent=6876"}],"wp:term":[{"taxonomy":"category","embeddable":true,"href":"https:\/\/parafiaprzyszowa.pl\/index.php\/wp-json\/wp\/v2\/categories?post=6876"},{"taxonomy":"post_tag","embeddable":true,"href":"https:\/\/parafiaprzyszowa.pl\/index.php\/wp-json\/wp\/v2\/tags?post=6876"}],"curies":[{"name":"wp","href":"https:\/\/api.w.org\/{rel}","templated":true}]}}